{"id":37594,"date":"2020-01-04T13:41:02","date_gmt":"2020-01-04T12:41:02","guid":{"rendered":"http:\/\/archivio.comune.potenza.it\/?p=37594"},"modified":"2020-01-04T13:41:03","modified_gmt":"2020-01-04T12:41:03","slug":"comune-e-vigili-del-fuoco-insieme-per-la-befana-dei-piccoli-potentini","status":"publish","type":"post","link":"https:\/\/archivio.comune.potenza.it\/?p=37594","title":{"rendered":"Comune e Vigili del fuoco insieme per la Befana dei piccoli potentini"},"content":{"rendered":"\n<p> 4.01.2020 &#8211; ore 13,35: E\u2019 stata scelta piazza Don Bosco quest\u2019anno per il tradizionale appuntamento della Befana che i Vigili del Fuoco, in collaborazione con il Comune, festeggeranno luned\u00ec 6 gennaio 2020, a cominciare dalle ore 11. Previsto il salvataggio della Befana da un incendio simulato e la distribuzione di caramelle e dolciumi ai bambini dalla Befana salvata. \u201cL\u2019Epifania, festa cristiana alla quale le nostre famiglie sono molto legate, trova nella figura della Befana un personaggio significativo, soprattutto nell\u2019immaginario dei pi\u00f9 piccoli. Legarne il suo arrivo a un momento di gioia e di divertimento unisce le generazioni e porta a riscoprire la bellezza dello stare insieme e del far festa con i nostri figli. I Vigili del fuoco \u2013 spiega l\u2019assessore alla Cultura Stefania D\u2019Ottavio, ricordando anche la collaborazione del consigliere Michele Beneventi \u2013 rappresentano per tutti noi molto di pi\u00f9 del servizio che assicurano quotidianamente alla nostra comunit\u00e0. Sono coloro grazie ai quali possiamo sentirci al sicuro e nei quali possiamo confidare in tutte quelle situazioni critiche che possono vederci protagonisti. Vivere un momento di svago insieme a loro, ce li mostra pi\u00f9 vicini e fa s\u00ec che anche i pi\u00f9 piccoli possano vederli davvero come preziosi amici\u201d conclude la D\u2019Ottavio.  <\/p>\n","protected":false},"excerpt":{"rendered":"<p>4.01.2020 &#8211; ore 13,35: E\u2019 stata scelta piazza Don Bosco quest\u2019anno per il tradizionale appuntamento della Befana che i Vigili del Fuoco, in collaborazione con &#8230; <\/p>\n","protected":false},"author":3,"featured_media":0,"comment_status":"closed","ping_status":"closed","sticky":false,"template":"single-sidebar.php","format":"standard","meta":{"footnotes":""},"categories":[63],"tags":[],"class_list":["post-37594","post","type-post","status-publish","format-standard","hentry","category-news"],"_links":{"self":[{"href":"https:\/\/archivio.comune.potenza.it\/index.php?rest_route=\/wp\/v2\/posts\/37594"}],"collection":[{"href":"https:\/\/archivio.comune.potenza.it\/index.php?rest_route=\/wp\/v2\/posts"}],"about":[{"href":"https:\/\/archivio.comune.potenza.it\/index.php?rest_route=\/wp\/v2\/types\/post"}],"author":[{"embeddable":true,"href":"https:\/\/archivio.comune.potenza.it\/index.php?rest_route=\/wp\/v2\/users\/3"}],"replies":[{"embeddable":true,"href":"https:\/\/archivio.comune.potenza.it\/index.php?rest_route=%2Fwp%2Fv2%2Fcomments&post=37594"}],"version-history":[{"count":0,"href":"https:\/\/archivio.comune.potenza.it\/index.php?rest_route=\/wp\/v2\/posts\/37594\/revisions"}],"wp:attachment":[{"href":"https:\/\/archivio.comune.potenza.it\/index.php?rest_route=%2Fwp%2Fv2%2Fmedia&parent=37594"}],"wp:term":[{"taxonomy":"category","embeddable":true,"href":"https:\/\/archivio.comune.potenza.it\/index.php?rest_route=%2Fwp%2Fv2%2Fcategories&post=37594"},{"taxonomy":"post_tag","embeddable":true,"href":"https:\/\/archivio.comune.potenza.it\/index.php?rest_route=%2Fwp%2Fv2%2Ftags&post=37594"}],"curies":[{"name":"wp","href":"https:\/\/api.w.org\/{rel}","templated":true}]}}