{"id":4576,"date":"2012-02-17T16:02:46","date_gmt":"2012-02-17T15:02:46","guid":{"rendered":"http:\/\/archivio.comune.potenza.it\/comune_wp\/?p=4576"},"modified":"2012-02-17T16:02:46","modified_gmt":"2012-02-17T15:02:46","slug":"qla-persona-umana-in-cittaq-incontro-con-missionari","status":"publish","type":"post","link":"https:\/\/archivio.comune.potenza.it\/?p=4576","title":{"rendered":"&#8220;La Persona Umana in Citt\u00e0&#8221;- Incontro con missionari"},"content":{"rendered":"<p style=\"text-align: justify;\"><span style=\"font-family: arial,helvetica,sans-serif;\"><span style=\"font-size: small;\"><img loading=\"lazy\" decoding=\"async\" src=\"multimediali\/immagini\/News\/2012\/02\/missionari.jpg\" border=\"0\" width=\"326\" height=\"260\" style=\"margin: 10px; float: left;\" \/>Nell\u2019ambito della \u201cMissione\u201d promossa in questi giorni dalle Parrocchie Francescane di Potenza di Santa Maria del Sepolcro e San Michele Arcangelo, si \u00e8 svolto presso la Sala dell\u2019Arco di Palazzo di Citt\u00e0 un incontro con gli amministratori. Presenti il Sindaco Vito Santarsiero, Sua Eccellenza Monsignor Agostino Superbo e numerosi amministratori comunali e provinciali, l\u2019avvocato Mario Di Costanzo ha tenuto una Lectio Magistralis sul tema \u201cLa persona umana in Citt\u00e0\u201d.<br \/>\u201cLa Missione Popolare francescana \u00e8 stata una ricchezza per la nostra citt\u00e0. Quello di oggi \u00e8 un momento di confronto importante \u2013ha detto Santarsiero- su un tema di straordinaria attualit\u00e0, quello della citt\u00e0 e della persona umana. In questi giorni si sta parlando molto del ruolo delle citt\u00e0. A Bruxelles \u00e8 emerso con grande chiarezza che il futuro dell\u2019Europa intercetta le citt\u00e0 nelle quali si concentrano le grandi problematiche del tempo moderno, le problematiche dell\u2019emarginazione, dell\u2019ambiente, della qualit\u00e0 della vita quotidiana. Nelle citt\u00e0 si costruiranno i nuovi percorsi per un futuro migliore.<br \/>Il nuovo ruolo delle citt\u00e0 passa attraverso la valorizzazione della persona umana.<br \/>Abbiamo assistito al fallimento di un modello sviluppo, siamo dinanzi \u00a0ad una crisi di valori e di progettualit\u00e0. Bisogna recuperare una nuova cultura dello sviluppo. La politica di destra e di sinistra, sbagliando, ha ritenuto che era pi\u00f9 facile governare una societ\u00e0 senza progettualit\u00e0, una societ\u00e0 vuota di senso e piena di vuoto, permeata dell\u2019integralismo, dell\u2019indifferenza e del qualunquismo edonistico. Abbiamo bisogno invece di una societ\u00e0 che sia percorsa da progetti, che sia vissuta da persone autonome, con passione, responsabili, progettuali, da soggetti che siano soggetti singolari ma allo stesso tempo plurali.<br \/>Il tema di oggi \u2013ha concluso Santarsiero- ci consentir\u00e0 di immaginare di irrobustire le nostre radici per costruire il meglio per la nostra citt\u00e0.\u201d<br \/>\u201cE\u2019 necessario \u2013ha detto Mons. Superbo- rilanciare la cultura della solidariet\u00e0 e la vita buona della politica. Nel Sud \u00e8 mancata la esperienza dei Comuni, occorre aprire una nuova stagione dei Municipi. La solidariet\u00e0 \u00e8 la capacit\u00e0 di lavorare tutti insieme ciascuno con le proprie peculiarit\u00e0 per lo sviluppo della comunit\u00e0.\u201d<br \/>\u201cPolitica-ha detto l\u2019avvocato Di Costanzo- non \u00e8 parlare dei leader politici, ma parlare della gente comune, con nome e cognome, dei suoi problemi quotidiani: scuole, occupazione, sanit\u00e0, verde, giustizia.\u201d<br \/>Tra i temi trattati i mali del Mezzogiorno.<br \/>\u201cLa caduta del senso di legalit\u00e0 \u2013ha aggiunto Di Costanzo- blocca i processi di crescita e colpisce soprattutto le fasce sociali pi\u00f9 deboli. Il fenomeno delle case abusive a Napoli, oltre 5000 casi, accompagnato da periodiche sanatorie, ha causato evidenti distorsioni culturali facendo considerare leciti comportamenti illeciti. Vengono favoriti i furbi, i malavitosi e chi ha i soldi per pagare una casa abusiva.<br \/>Si parla molto di beni comuni, ma nessuno parla del Bene Comune che non coincide con la sommatoria degli interessi privati ma con una gerarchia di azioni pubbliche definite sulla base di valori e priorit\u00e0 di riferimento.Superare\u00a0 la cultura dell\u2019accettare dallo stato sociale indebiti vantaggi e inaccettabili privilegi, e debellare la politica che induce dipendenza e alimenta clientelismo e marginalit\u00e0.La Camorra non \u00e8 solo una questione di legalit\u00e0 e giustizia, ma \u00e8 fattore di povert\u00e0 delle terre campane. Cosa sarebbero \u2013ha concluso Di Costanzo- tante zone con una imprenditoria libera dai vincoli della criminalit\u00e0 organizzata?\u201d.<\/span><\/span><\/p>\n<p>\u00a0<\/p>\n","protected":false},"excerpt":{"rendered":"<p>Nell\u2019ambito della \u201cMissione\u201d promossa in questi giorni dalle Parrocchie Francescane di Potenza di Santa Maria del Sepolcro e San Michele Arcangelo, si \u00e8 svolto presso &#8230; <\/p>\n","protected":false},"author":1,"featured_media":0,"comment_status":"closed","ping_status":"closed","sticky":false,"template":"single-sidebar.php","format":"standard","meta":{"footnotes":""},"categories":[63],"tags":[],"class_list":["post-4576","post","type-post","status-publish","format-standard","hentry","category-news"],"_links":{"self":[{"href":"https:\/\/archivio.comune.potenza.it\/index.php?rest_route=\/wp\/v2\/posts\/4576"}],"collection":[{"href":"https:\/\/archivio.comune.potenza.it\/index.php?rest_route=\/wp\/v2\/posts"}],"about":[{"href":"https:\/\/archivio.comune.potenza.it\/index.php?rest_route=\/wp\/v2\/types\/post"}],"author":[{"embeddable":true,"href":"https:\/\/archivio.comune.potenza.it\/index.php?rest_route=\/wp\/v2\/users\/1"}],"replies":[{"embeddable":true,"href":"https:\/\/archivio.comune.potenza.it\/index.php?rest_route=%2Fwp%2Fv2%2Fcomments&post=4576"}],"version-history":[{"count":0,"href":"https:\/\/archivio.comune.potenza.it\/index.php?rest_route=\/wp\/v2\/posts\/4576\/revisions"}],"wp:attachment":[{"href":"https:\/\/archivio.comune.potenza.it\/index.php?rest_route=%2Fwp%2Fv2%2Fmedia&parent=4576"}],"wp:term":[{"taxonomy":"category","embeddable":true,"href":"https:\/\/archivio.comune.potenza.it\/index.php?rest_route=%2Fwp%2Fv2%2Fcategories&post=4576"},{"taxonomy":"post_tag","embeddable":true,"href":"https:\/\/archivio.comune.potenza.it\/index.php?rest_route=%2Fwp%2Fv2%2Ftags&post=4576"}],"curies":[{"name":"wp","href":"https:\/\/api.w.org\/{rel}","templated":true}]}}