{"id":4588,"date":"2012-02-20T16:20:14","date_gmt":"2012-02-20T15:20:14","guid":{"rendered":"http:\/\/archivio.comune.potenza.it\/comune_wp\/?p=4588"},"modified":"2012-02-20T16:20:14","modified_gmt":"2012-02-20T15:20:14","slug":"santarsiero-su-ztl-risponde-a-comitato-qpiu-potenzaq","status":"publish","type":"post","link":"https:\/\/archivio.comune.potenza.it\/?p=4588","title":{"rendered":"Santarsiero su ZTL risponde a Comitato &#8220;Pi\u00f9 Potenza&#8221;"},"content":{"rendered":"<p style=\"text-align: justify;\"><span style=\"font-family: arial,helvetica,sans-serif;\"><span style=\"font-size: small;\">\u201cMerita riflessioni e risposta la nota del Comitato \u201cPi\u00f9 Potenza\u201d pubblicata ieri sulla stampa.Una presa di posizione cos\u00ec forte e cos\u00ec di parte impone un nome e cognome, quello dei membri del comitato, del presidente o almeno di qualcuno che comunque lo rappresenti.Lo merita perch\u00e9 in una societ\u00e0 il confronto pu\u00f2 essere duro ma deve essere sempre chiaro, franco, guardandosi negli occhi, soprattutto quando c\u2019\u00e8 da spiegare il significato di un linguaggio improprio, difficilmente accettabile e utilizzato per riportare in maniera non precisa e strumentale il contenuto di un intervento in particolare e di un dibattito in generale, ricco ed articolato, avvenuto nella massima Assise istituzionale della citt\u00e0 ed aperto a tutti.<br \/>I provvedimenti presi non sono stati provvedimenti semplici e ordinari, ben lo sappiamo, come pure sappiamo, in coscienza, di aver operato guardando al bene della citt\u00e0 e con una visione alta del nostro Centro Storico. Abbiamo dedicato ad esso attenzioni e definito per esso un progetto storico, culturale, commerciale, infrastrutturale e di rigenerazione per il quale sono stati spesi negli ultimi anni circa 40 milioni di euro i cui risultati cominciano ad essere evidenti e sul quale continuiamo ad essere ripiegati.<br \/>Su questi temi siamo sempre pronti a confrontarci. Il provvedimento crea preoccupazione ed allarmi, lo comprendiamo bene, ma la risposta di tutti deve essere all\u2019altezza della sfida lanciata. Noi guardiamo ad un Centro storico migliore, pi\u00f9 fruibile, attrattivo per ci\u00f2 che rappresenta e per la qualit\u00e0 di ci\u00f2 che offre. Dobbiamo insieme investire e portare in campo il massimo della qualit\u00e0 per questo comune obiettivo. Il provvedimento per la sua gran parte \u00e8 condiviso, ci sono \u00e8 vero i problemi del parcheggio in \u201caree colorate\u201d e quello del prolungamento alle ore 24.00 dell\u2019orario di chiusura delle scale mobili, ma questi li affronteremo rapidamente. In merito occorre ricordare sia i numeri degli impianti meccanizzati che nei giorni ordinari hanno ormai raggiunto i 18.000 passaggi\u00a0 grazie anche alla scelta, non semplice, di conservare la gratuit\u00e0 dell\u2019utilizzo, sia le circolari su gomma sempre pi\u00f9 utilizzate dai cittadini. La gran folla che continua a riempire via Pretoria \u00e8 la riprova che il Centro \u00e8 frequentato e tutt\u2019altro che abbandonato. La percorribilit\u00e0 h 24 di Via del Popolo, Via Beato Bonaventura, Via San Luca, ecc. consentono inoltre di poter giungere con l\u2019auto a poche decine di metri da qualsiasi punto di tutta l\u2019area oggetto del provvedimento.<br \/>\u201cQui prodest\u201d affermare che il Centro Storico \u00e8 chiuso, non accessibile, non pi\u00f9 frequentato? Perch\u00e9 invece non cominciare a dire di quanto \u00e8 apprezzato e gradevole il passeggiare senza problemi in Piazza del Sedile, Pignatari, Duomo, Largo San Michele o lungo la stessa Via Sacra? Non sarebbe questo un bel segnale, un modo per dire che il Centro Storico vive e aggiunge qualcosa alla qualit\u00e0 del suo Centro Commerciale naturale?Resta, in ultimo, la questione della chiusura h 24 dell\u2019asse stradale via Vescovado, Via Due Torri, Via XX Settembre, Via IV Novembre.Si chiede maggiore flessibilit\u00e0 con introduzione di fasce orarie, magari da applicarsi anche in Via del Popolo e Via San Luca.Su questo abbiamo chiaramente detto: parliamone, confrontiamoci, troviamo soluzioni. Cosa che faremo.Attenzione per\u00f2 a voler confusione ad ogni costo ed attenzione a voler affrontare questioni sistemiche con soluzioni individuali o corporative. Infine un consiglio per meglio comprendere quanto sia articolata la questione: quello di seguire sul sito del Comune di Potenza (<\/span><\/span><a href=\"https:\/\/archivio.comune.potenza.it\/\"><span style=\"font-family: arial,helvetica,sans-serif;\"><span style=\"font-size: small;\">archivio.comune.potenza.it<\/span><\/span><\/a><span style=\"font-family: arial,helvetica,sans-serif;\"><span style=\"font-size: small;\">) l\u2019andamento del dibattito aperto sul tema. Avrei potuto virgolettare tante posizioni opposte a quelle riportate nella nota e delle quali, mi chiedo, dovremo non tener conto?Mi auguro di poter incontrare chi ha parlato di \u201cmiopia\u201d e di citt\u00e0 \u201cportata al nichilismo assoluto in termini di vivibilit\u00e0 e vitalit\u00e0\u201d, non fosse altro per meglio definire il significato delle parole e chiederci insieme se questo \u00e8 proprio vero e se forse non \u00e8 proprio questo il voler davvero il male della citt\u00e0 e del suo centro storico.\u201d<\/span><\/span><\/p>\n","protected":false},"excerpt":{"rendered":"<p>\u201cMerita riflessioni e risposta la nota del Comitato \u201cPi\u00f9 Potenza\u201d pubblicata ieri sulla stampa.Una presa di posizione cos\u00ec forte e cos\u00ec di parte impone un &#8230; <\/p>\n","protected":false},"author":1,"featured_media":0,"comment_status":"closed","ping_status":"closed","sticky":false,"template":"single-sidebar.php","format":"standard","meta":{"footnotes":""},"categories":[63],"tags":[],"class_list":["post-4588","post","type-post","status-publish","format-standard","hentry","category-news"],"_links":{"self":[{"href":"https:\/\/archivio.comune.potenza.it\/index.php?rest_route=\/wp\/v2\/posts\/4588"}],"collection":[{"href":"https:\/\/archivio.comune.potenza.it\/index.php?rest_route=\/wp\/v2\/posts"}],"about":[{"href":"https:\/\/archivio.comune.potenza.it\/index.php?rest_route=\/wp\/v2\/types\/post"}],"author":[{"embeddable":true,"href":"https:\/\/archivio.comune.potenza.it\/index.php?rest_route=\/wp\/v2\/users\/1"}],"replies":[{"embeddable":true,"href":"https:\/\/archivio.comune.potenza.it\/index.php?rest_route=%2Fwp%2Fv2%2Fcomments&post=4588"}],"version-history":[{"count":0,"href":"https:\/\/archivio.comune.potenza.it\/index.php?rest_route=\/wp\/v2\/posts\/4588\/revisions"}],"wp:attachment":[{"href":"https:\/\/archivio.comune.potenza.it\/index.php?rest_route=%2Fwp%2Fv2%2Fmedia&parent=4588"}],"wp:term":[{"taxonomy":"category","embeddable":true,"href":"https:\/\/archivio.comune.potenza.it\/index.php?rest_route=%2Fwp%2Fv2%2Fcategories&post=4588"},{"taxonomy":"post_tag","embeddable":true,"href":"https:\/\/archivio.comune.potenza.it\/index.php?rest_route=%2Fwp%2Fv2%2Ftags&post=4588"}],"curies":[{"name":"wp","href":"https:\/\/api.w.org\/{rel}","templated":true}]}}