{"id":4605,"date":"2012-02-23T11:44:35","date_gmt":"2012-02-23T10:44:35","guid":{"rendered":"http:\/\/archivio.comune.potenza.it\/comune_wp\/?p=4605"},"modified":"2012-02-23T11:44:35","modified_gmt":"2012-02-23T10:44:35","slug":"santarsiero-su-clinica-luccioni","status":"publish","type":"post","link":"https:\/\/archivio.comune.potenza.it\/?p=4605","title":{"rendered":"Santarsiero su Clinica Luccioni"},"content":{"rendered":"<p style=\"text-align: justify;\"><span style=\"font-family: arial,helvetica,sans-serif;\"><span style=\"font-size: small;\">\u201cLa clinica Luccioni \u00e8 una tessera importante del mosaico che compone la storia sanitaria della nostra citt\u00e0 e, ancora oggi, \u00e8 riferimento importante nel sistema dei servizi che si offrono alla comunit\u00e0 potentina\u201d. Cos\u00ec il Sindaco di Potenza, Vito Santarsiero, sulla delicata vicenda che riguarda il nosocomio del capoluogo lucano. \u201cSia per gli indubbi benefici che i nostri concittadini hanno tratto dalla presenza di un rilevante presidio sanitario nel cuore della citt\u00e0, sia per le famiglie di tanti lavoratori che nella clinica prestano la loro opera in maniera professionale e con grande abnegazione, a cominciare dal personale infermieristico, da quello medico, e proseguendo con quello amministrativo e paramedico in generale, auspico che si possa giungere a una soluzione positiva e condivisa della vicenda. Una soluzione che, nel rispetto delle normative vigenti, possa coniugare \u2013 continua- le esigenze di Potenza, della provincia e dell\u2019intera regione, con quelle altrettanto legittime di professionisti che tanto hanno dato e danno alla nostra cittadinanza. L\u2019Amministrazione comunale\u00a0 &#8211; conclude- seguir\u00e0 con grande attenzione l\u2019evolversi della situazione e sar\u00e0 disponibile ad ogni incontro o altra forma di intervento per sostenere la presenza a Potenza della storica struttura.\u201d\u00a0\u00a0\u00a0\u00a0\u00a0\u00a0\u00a0\u00a0\u00a0\u00a0\u00a0\u00a0\u00a0\u00a0\u00a0\u00a0 \u00a0\u00a0\u00a0\u00a0\u00a0\u00a0\u00a0\u00a0\u00a0\u00a0\u00a0 <\/span><\/span>\u00a0\u00a0\u00a0\u00a0\u00a0\u00a0\u00a0\u00a0\u00a0\u00a0\u00a0\u00a0\u00a0\u00a0\u00a0\u00a0\u00a0\u00a0\u00a0\u00a0\u00a0\u00a0\u00a0\u00a0\u00a0\u00a0\u00a0\u00a0<\/p>\n<p>\u00a0<\/p>\n","protected":false},"excerpt":{"rendered":"<p>\u201cLa clinica Luccioni \u00e8 una tessera importante del mosaico che compone la storia sanitaria della nostra citt\u00e0 e, ancora oggi, \u00e8 riferimento importante nel sistema &#8230; <\/p>\n","protected":false},"author":1,"featured_media":0,"comment_status":"closed","ping_status":"closed","sticky":false,"template":"single-sidebar.php","format":"standard","meta":{"footnotes":""},"categories":[63],"tags":[],"class_list":["post-4605","post","type-post","status-publish","format-standard","hentry","category-news"],"_links":{"self":[{"href":"https:\/\/archivio.comune.potenza.it\/index.php?rest_route=\/wp\/v2\/posts\/4605"}],"collection":[{"href":"https:\/\/archivio.comune.potenza.it\/index.php?rest_route=\/wp\/v2\/posts"}],"about":[{"href":"https:\/\/archivio.comune.potenza.it\/index.php?rest_route=\/wp\/v2\/types\/post"}],"author":[{"embeddable":true,"href":"https:\/\/archivio.comune.potenza.it\/index.php?rest_route=\/wp\/v2\/users\/1"}],"replies":[{"embeddable":true,"href":"https:\/\/archivio.comune.potenza.it\/index.php?rest_route=%2Fwp%2Fv2%2Fcomments&post=4605"}],"version-history":[{"count":0,"href":"https:\/\/archivio.comune.potenza.it\/index.php?rest_route=\/wp\/v2\/posts\/4605\/revisions"}],"wp:attachment":[{"href":"https:\/\/archivio.comune.potenza.it\/index.php?rest_route=%2Fwp%2Fv2%2Fmedia&parent=4605"}],"wp:term":[{"taxonomy":"category","embeddable":true,"href":"https:\/\/archivio.comune.potenza.it\/index.php?rest_route=%2Fwp%2Fv2%2Fcategories&post=4605"},{"taxonomy":"post_tag","embeddable":true,"href":"https:\/\/archivio.comune.potenza.it\/index.php?rest_route=%2Fwp%2Fv2%2Ftags&post=4605"}],"curies":[{"name":"wp","href":"https:\/\/api.w.org\/{rel}","templated":true}]}}