{"id":4613,"date":"2012-02-24T14:34:40","date_gmt":"2012-02-24T13:34:40","guid":{"rendered":"http:\/\/archivio.comune.potenza.it\/comune_wp\/?p=4613"},"modified":"2012-02-24T14:34:40","modified_gmt":"2012-02-24T13:34:40","slug":"becce-pdlinterrogazione-su-stabile-ex-ipias","status":"publish","type":"post","link":"https:\/\/archivio.comune.potenza.it\/?p=4613","title":{"rendered":"Becce (PDL):interrogazione su stabile ex IPIAS"},"content":{"rendered":"<p style=\"text-align: justify;\"><span style=\"font-family: arial,helvetica,sans-serif;\"><span style=\"font-size: small;\">In una interrogazione il\u00a0consigliere comunale del PDL, \u00a0Nicola Becce,\u00a0chiede\u00a0 chiarimenti in merito\u00a0 all\u2019iter di contrattazioni avvenute con il CSV Basilicata e\u00a0 alla lettera critica di rinuncia all\u2019acquisizione dello stabile ex IPIAS inviata dal CSV alle autorit\u00e0.\u00a0L\u2019amministrazione comunale (con delibera di Giunta n. 156 dell\u20198\/09\/2008) &#8211; ricorda Becce- destinava lo stabile ex IPIAS di Potenza per la realizzazione della \u201cCasa del Volontariato\u201d, affidando, previa apposita convenzione, al CSV Basilicata la relativa gestione al servizio e per l\u2019utilizzo delle 119 Associazioni di Volontariato presenti nella citt\u00e0 di Potenza e per l\u2019erogazione delle funzioni e dei compiti di istituto al servizio di tutto il volontariato lucano ed il CSV ha dedicato, nel corso di questi mesi, tempo e professionalit\u00e0 alla realizzazione del suddetto progetto fino alla pi\u00f9 volte dichiarata disponibilit\u00e0 a concorrere economicamente (sulla scorta del parere favorevole da parte del Comitato di gestione) all\u2019adeguamento strutturale e all\u2019arredo dello stabile.\u00a0Un progetto inizialmente nato per incrementare ed ottimizzare l\u2019offerta di servizio al volontariato lucano, dopo la lunga serie di incontri, \u00e8 stato tramutato da Comune e Regione in \u201cun\u2019elargizione di favore\u201d\u00a0ed\u00a0 in data 2 gennaio 2011 il CSV Basilicata con una comunicazione inviata alle autorit\u00e0 comunali e regionali interessate dalla questione \u00e8 stata costretto, suo malgrado, a dichiarare la sua intenzione a rinunciare all\u2019acquisizione dello stabile in oggetto, visto l\u2019approssimarsi (15 gennaio 2012) della proroga concessa per i locali attualmente in locazione in via Mazzini, 51. Tale\u00a0atteggiamento da parte delle Istituzioni interessate -conclude Becce- \u00a0ha dimostrato poco rispetto e considerazione nei confronti dell\u2019attivit\u00e0 svolta (in forma gratuita) dal CSV e da tutte le Associazioni di Volontariato lucane a favore e nell\u2019interesse della collettivit\u00e0. Una collettivit\u00e0 che in tal caso non \u00e8 stata affatto tutelata dai soggetti pubblici in questione.<\/span><\/span><\/p>\n<p style=\"text-align: justify;\"><span style=\"font-family: arial,helvetica,sans-serif;\"><span style=\"font-size: small;\">\u00a0<\/span><\/span><\/p>\n<p>\u00a0<\/p>\n","protected":false},"excerpt":{"rendered":"<p>In una interrogazione il\u00a0consigliere comunale del PDL, \u00a0Nicola Becce,\u00a0chiede\u00a0 chiarimenti in merito\u00a0 all\u2019iter di contrattazioni avvenute con il CSV Basilicata e\u00a0 alla lettera critica di &#8230; <\/p>\n","protected":false},"author":1,"featured_media":0,"comment_status":"closed","ping_status":"closed","sticky":false,"template":"single-sidebar.php","format":"standard","meta":{"footnotes":""},"categories":[63],"tags":[],"class_list":["post-4613","post","type-post","status-publish","format-standard","hentry","category-news"],"_links":{"self":[{"href":"https:\/\/archivio.comune.potenza.it\/index.php?rest_route=\/wp\/v2\/posts\/4613"}],"collection":[{"href":"https:\/\/archivio.comune.potenza.it\/index.php?rest_route=\/wp\/v2\/posts"}],"about":[{"href":"https:\/\/archivio.comune.potenza.it\/index.php?rest_route=\/wp\/v2\/types\/post"}],"author":[{"embeddable":true,"href":"https:\/\/archivio.comune.potenza.it\/index.php?rest_route=\/wp\/v2\/users\/1"}],"replies":[{"embeddable":true,"href":"https:\/\/archivio.comune.potenza.it\/index.php?rest_route=%2Fwp%2Fv2%2Fcomments&post=4613"}],"version-history":[{"count":0,"href":"https:\/\/archivio.comune.potenza.it\/index.php?rest_route=\/wp\/v2\/posts\/4613\/revisions"}],"wp:attachment":[{"href":"https:\/\/archivio.comune.potenza.it\/index.php?rest_route=%2Fwp%2Fv2%2Fmedia&parent=4613"}],"wp:term":[{"taxonomy":"category","embeddable":true,"href":"https:\/\/archivio.comune.potenza.it\/index.php?rest_route=%2Fwp%2Fv2%2Fcategories&post=4613"},{"taxonomy":"post_tag","embeddable":true,"href":"https:\/\/archivio.comune.potenza.it\/index.php?rest_route=%2Fwp%2Fv2%2Ftags&post=4613"}],"curies":[{"name":"wp","href":"https:\/\/api.w.org\/{rel}","templated":true}]}}