{"id":4619,"date":"2012-02-26T14:13:57","date_gmt":"2012-02-26T13:13:57","guid":{"rendered":"http:\/\/archivio.comune.potenza.it\/comune_wp\/?p=4619"},"modified":"2012-02-26T14:13:57","modified_gmt":"2012-02-26T13:13:57","slug":"santarsiero-incontra-tre-studenti-della-luiss-che-girano-litalia","status":"publish","type":"post","link":"https:\/\/archivio.comune.potenza.it\/?p=4619","title":{"rendered":"Santarsiero incontra tre studenti della Luiss che girano l&#8217;Italia per raccontarla"},"content":{"rendered":"<h2 style=\"text-align: justify;\"><span style=\"font-size: small;\"><img loading=\"lazy\" decoding=\"async\" src=\"multimediali\/immagini\/luiss.jpg\" border=\"0\" width=\"251\" height=\"200\" style=\"margin: 10px; float: left;\" \/>\u201cMarco, Carlotta e Andrea, tre giovani\u00a0 universitari, hanno scoperto un\u2019altra Basilicata: non un luogo senza speranza, risorse\u00a0 e opportunit\u00e0, ma un Sud diverso nel Sud.\u201d Cos\u00ec il Sindaco di Potenza, Vito Santarsiero, ha commentato l\u2019incontro con tre universitari protagonisti dell&#8217;iniziativa &#8220;Luiss on the road&#8221;, il primo viaggio organizzato dall&#8217;ateneo di Confindustria, in collaborazione con Trenitalia, alla scoperta delle storie e delle persone che contribuiscono a creare un&#8217;Italia migliore, da raccontare in tempo reale grazie agli smartphone sui social network. L&#8217;iniziativa itinerante, partita da Roma, prevede la visita di 13 regioni ed \u00e8 approdata anche a Potenza e a Picerno.<br \/>All\u2019incontro nella Sala dell\u2019Arco del Palazzo di Citt\u00e0 anche il Sindaco di Picerno, Valeria Russillo che ha accompagnato i ragazzi a visitare alcune aziende agricole presenti sul suo territorio dove, la intraprendenza e la voglia di riuscire di alcuni giovani, hanno dimostrato come le opportunit\u00e0 esistono anche nella nostra regione se solo si sanno cogliere. \u201cUna iniziativa importante quella promossa dalla Luiss &#8211; ha detto il Sindaco di Picerno- che evidenzia come la formazione sia una leva strategica per lo sviluppo. I giovani \u2013ha aggiunto- vanno sostenuti perch\u00e9 sono il futuro delle nostre comunit\u00e0.\u201d<br \/>\u201cBasta crederci \u2013ha detto Santarsiero- e al Sud si pu\u00f2. Ringraziamo la Luiss per questa notevole intuizione che consente di far vivere ai suoi ragazzi una esperienza cos\u00ec importante. Voi avete \u2013ha detto Santarsiero ai tre ragazzi- una straordinaria opportunit\u00e0: quella di dire all\u2019Italia, dal vostro osservatorio privilegiato, di studenti in giro per i territori, che il Sud non \u00e8 tutto uguale. Potete cogliere nel Sud la differenza tra i Sud. Partire da una conoscenza del Sud che non \u00e8 omogeneo e questo per noi \u00e8 molto importante.\u201d<br \/>\u201cScopriamo una regione\u00a0 ed una citt\u00e0- hanno commentato Marco, Carlotta ed Andrea- dove c\u2019\u00e8 una sana passione e molte potenzialit\u00e0 e quando esistono queste due caratteristiche e c\u2019\u00e8 volont\u00e0 di emergere tutto si pu\u00f2 fare. Andare via dalla propria regione diventa perci\u00f2 una scelta e non un obbligo. Attraverso questo viaggio vogliamo far vedere quanto di buono c&#8217;\u00e8 in questo Paese e quanto sia necessario impegnarsi tutti insieme perch\u00e9 l&#8217;Italia possa uscire fuori dalle secche in cui si trova&#8221;.<br \/>L&#8217;obiettivo del viaggio dei tre giovani studenti universitari \u00e8 quello di far conoscere il volto pi\u00f9 nascosto del Paese, attraverso le idee, le esperienze e le emozioni dei suoi protagonisti &#8211; personaggi famosi e gente comune &#8211; da raccontare su pi\u00f9 social network contemporaneamente: Twitter, Facebook ma anche Youtube e Foursquare. E naturalmente anche sulle frequenze di Radio Luiss, la webradio d&#8217;ateneo che copre l&#8217;evento con finestre quotidiane all&#8217;interno del proprio palinsesto. Sul sito dedicato all&#8217;iniziativa (<a href=\"http:\/\/www.luissontheroad.it\/\">www.luissontheroad.it <\/a>) verr\u00e0 aggiornato il diario di viaggio e saranno caricati tutti i contributi raccolti in giro per l\u2019Italia.<br \/>Protagonisti del viaggio, scelti tra oltre mille,\u00a0 sono<strong> <\/strong>il ventenne Marco Pizza, studente fuorisede di Avellino che frequenta il secondo anno di Economia e Management, la romana Carlotta Maraschi, ventidue anni, studentessa del primo anno della laurea magistrale in Relazioni Internazionali,\u00a0Andrea Bramante, studente di Giurisprudenza con la passione della reg\u00eca che \u00e8 il filmaker del gruppo e aiuta Carlotta e Marco a realizzare le interviste &#8211; girando, tagliando e montando &#8211; per poi veicolarle agevolmente sui diversi social network.&#8221;<br \/>A Potenza i tre studenti erano accompagnati da Pierluigi Smaldone, potentino, laureando in Giurisprudenza che fa parte del Consiglio di Amministrazione della Luiss.<\/span><\/h2>\n","protected":false},"excerpt":{"rendered":"<p>\u201cMarco, Carlotta e Andrea, tre giovani\u00a0 universitari, hanno scoperto un\u2019altra Basilicata: non un luogo senza speranza, risorse\u00a0 e opportunit\u00e0, ma un Sud diverso nel Sud.\u201d &#8230; <\/p>\n","protected":false},"author":1,"featured_media":0,"comment_status":"closed","ping_status":"closed","sticky":false,"template":"single-sidebar.php","format":"standard","meta":{"footnotes":""},"categories":[63],"tags":[],"class_list":["post-4619","post","type-post","status-publish","format-standard","hentry","category-news"],"_links":{"self":[{"href":"https:\/\/archivio.comune.potenza.it\/index.php?rest_route=\/wp\/v2\/posts\/4619"}],"collection":[{"href":"https:\/\/archivio.comune.potenza.it\/index.php?rest_route=\/wp\/v2\/posts"}],"about":[{"href":"https:\/\/archivio.comune.potenza.it\/index.php?rest_route=\/wp\/v2\/types\/post"}],"author":[{"embeddable":true,"href":"https:\/\/archivio.comune.potenza.it\/index.php?rest_route=\/wp\/v2\/users\/1"}],"replies":[{"embeddable":true,"href":"https:\/\/archivio.comune.potenza.it\/index.php?rest_route=%2Fwp%2Fv2%2Fcomments&post=4619"}],"version-history":[{"count":0,"href":"https:\/\/archivio.comune.potenza.it\/index.php?rest_route=\/wp\/v2\/posts\/4619\/revisions"}],"wp:attachment":[{"href":"https:\/\/archivio.comune.potenza.it\/index.php?rest_route=%2Fwp%2Fv2%2Fmedia&parent=4619"}],"wp:term":[{"taxonomy":"category","embeddable":true,"href":"https:\/\/archivio.comune.potenza.it\/index.php?rest_route=%2Fwp%2Fv2%2Fcategories&post=4619"},{"taxonomy":"post_tag","embeddable":true,"href":"https:\/\/archivio.comune.potenza.it\/index.php?rest_route=%2Fwp%2Fv2%2Ftags&post=4619"}],"curies":[{"name":"wp","href":"https:\/\/api.w.org\/{rel}","templated":true}]}}