{"id":4622,"date":"2012-02-27T10:05:00","date_gmt":"2012-02-27T09:05:00","guid":{"rendered":"http:\/\/archivio.comune.potenza.it\/comune_wp\/?p=4622"},"modified":"2012-02-27T10:05:00","modified_gmt":"2012-02-27T09:05:00","slug":"potenza-aderisce-alla-rete-citta-strategiche-recs","status":"publish","type":"post","link":"https:\/\/archivio.comune.potenza.it\/?p=4622","title":{"rendered":"Potenza aderisce alla Rete citt\u00e0 strategiche (ReCS)"},"content":{"rendered":"<p style=\"text-align: justify;\"><span style=\"font-family: arial,helvetica,sans-serif;\"><span style=\"font-size: small;\">La Citt\u00e0 di Potenza ha aderito, con una delibera di giunta, per l\u2019anno 2012, all\u2019Associazione, denominata <em>\u201cAssociazione Nazionale delle Citt\u00e0 con Pianificazione Strategica\u201d<\/em> (Rete Citt\u00e0 Strategiche-ReCS), che si propone di promuovere la pianificazione strategica come metodo e strumento per un disegno di crescita urbana, affermando e sviluppando modelli di governance efficace per la definizione di strategie urbane e la loro messa in atto, attraverso il confronto tra strumenti e procedure funzionanti, gi\u00e0 in corso nelle citt\u00e0 europee.<br \/>Tra gli obiettivi che ReCS intende perseguire si individuano: il rafforzamento del ruolo delle citt\u00e0 nello scenario nazionale ed internazionale; il consolidamento delle relazioni tra le citt\u00e0 italiane e quelle europee; la promozione di attivit\u00e0 di benchmarking relativamente alle best pratice territoriali; la diffusione di nuovi rapporti interistituzionali in ambito nazionale tra Comuni, Province e Regioni; la creazione di un osservatorio internazionale delle citt\u00e0 tramite l\u2019organizzazione sistematica delle esperienze, studi e progetti sulle politiche di governo locale.<br \/>L\u2019Associazione\u00a0 in sostanza intende contribuire ai processi di innovazione della Pubblica Amministrazione, condividendo obiettivi, attivit\u00e0 e modalit\u00e0 operative, supportando le Citt\u00e0 ed i Comuni italiani nello sviluppo di politiche pubbliche atte a migliorare le loro capacit\u00e0 di programmazione, gestione e valutazione.<br \/>\u201cPianificazione strategica integrata\u00a0 e rete della citt\u00e0 \u2013 hanno detto il Sindaco di Potenza Vito \u00a0Santarsiero e l\u2019assessore all\u2019Urbanistica Pietro Campagna\u2013 rappresentano non solo un nuovo modo di governare il territorio ma la strada maestra per superare la crisi del Mezzogiorno che \u00e8 essenzialmente crisi delle aree urbane ove si concentrano circa 17 milioni di persone pari al 75% della popolazione meridionale ed al 22% della popolazione nazionale.<br \/>Sviluppo delle aree urbane, alleanza tra i territori, governance multilivello sono il fattore che consentir\u00e0 di vincere la sfida della\u00a0 competizione globale, offrire servizi efficienti, migliorare la qualit\u00e0 della vita, sconfiggere la malavita.<br \/>Occorre rafforzare le politiche nazionali a favore dei Comuni, da intendere quale <em>conditio sine qua non <\/em>per cogliere le opportunit\u00e0 della programmazione europea 2014 \u2013 2020 e per costruire un nuovo e virtuoso modello di sviluppo per il Mezzogiorno.<br \/>L\u2019adesione alla ReCS conferma -ha concluso Santarsiero- la piena validit\u00e0 delle scelte di pianificazione della citt\u00e0 dal R.U al PSM e delle strategie Potenza 2020 che ha ispirato indirizzi e scelte del PISUS che consentiranno alla citt\u00e0 di continuare in un programma di nuovo sviluppo.\u201d<\/span><\/span><\/p>\n","protected":false},"excerpt":{"rendered":"<p>La Citt\u00e0 di Potenza ha aderito, con una delibera di giunta, per l\u2019anno 2012, all\u2019Associazione, denominata \u201cAssociazione Nazionale delle Citt\u00e0 con Pianificazione Strategica\u201d (Rete Citt\u00e0 &#8230; <\/p>\n","protected":false},"author":1,"featured_media":0,"comment_status":"closed","ping_status":"closed","sticky":false,"template":"single-sidebar.php","format":"standard","meta":{"footnotes":""},"categories":[63],"tags":[],"class_list":["post-4622","post","type-post","status-publish","format-standard","hentry","category-news"],"_links":{"self":[{"href":"https:\/\/archivio.comune.potenza.it\/index.php?rest_route=\/wp\/v2\/posts\/4622"}],"collection":[{"href":"https:\/\/archivio.comune.potenza.it\/index.php?rest_route=\/wp\/v2\/posts"}],"about":[{"href":"https:\/\/archivio.comune.potenza.it\/index.php?rest_route=\/wp\/v2\/types\/post"}],"author":[{"embeddable":true,"href":"https:\/\/archivio.comune.potenza.it\/index.php?rest_route=\/wp\/v2\/users\/1"}],"replies":[{"embeddable":true,"href":"https:\/\/archivio.comune.potenza.it\/index.php?rest_route=%2Fwp%2Fv2%2Fcomments&post=4622"}],"version-history":[{"count":0,"href":"https:\/\/archivio.comune.potenza.it\/index.php?rest_route=\/wp\/v2\/posts\/4622\/revisions"}],"wp:attachment":[{"href":"https:\/\/archivio.comune.potenza.it\/index.php?rest_route=%2Fwp%2Fv2%2Fmedia&parent=4622"}],"wp:term":[{"taxonomy":"category","embeddable":true,"href":"https:\/\/archivio.comune.potenza.it\/index.php?rest_route=%2Fwp%2Fv2%2Fcategories&post=4622"},{"taxonomy":"post_tag","embeddable":true,"href":"https:\/\/archivio.comune.potenza.it\/index.php?rest_route=%2Fwp%2Fv2%2Ftags&post=4622"}],"curies":[{"name":"wp","href":"https:\/\/api.w.org\/{rel}","templated":true}]}}