{"id":4626,"date":"2012-02-27T15:42:52","date_gmt":"2012-02-27T14:42:52","guid":{"rendered":"http:\/\/archivio.comune.potenza.it\/comune_wp\/?p=4626"},"modified":"2012-02-27T15:42:52","modified_gmt":"2012-02-27T14:42:52","slug":"in-prima-commissione-si-torna-a-parlare-di-ztl-dal-sindaco-disponibilita-a-rivedere-alcune-criticita","status":"publish","type":"post","link":"https:\/\/archivio.comune.potenza.it\/?p=4626","title":{"rendered":"In Prima Commissione si torna a parlare di Ztl. Da Sindaco disponibilit\u00e0 a rivedere criticit\u00e0"},"content":{"rendered":"<p style=\"text-align: justify;\"><span style=\"font-family: arial,helvetica,sans-serif;\"><span style=\"font-size: small;\"><img decoding=\"async\" src=\"multimediali\/immagini\/prima.jpg\" border=\"0\" style=\"margin: 10px; float: left;\" \/>\u201cTempi brevi per ricevere una proposta che possa portare a un provvedimento condiviso e definitivo\u201d. E\u2019 quanto ha chiesto il Sindaco di Potenza Vito Santarsiero nel corso della seduta della Prima Commissione consiliare permanente convocata per discutere in merito all\u2019applicazione del provvedimento di istituzione della Ztl.<br \/>\u201cIn Giunta abbiamo cominciato a fare riflessioni e valutazioni. Riscontriamo \u2013 ancora il Sindaco \u2013 una sostanziale condivisione sul provvedimento, in particolar modo sulle aree rese pedonali: Piazza Matteotti, largo Duomo, largo San Michele, Largo Pignatari. Abbiamo registrato criticit\u00e0 sulla Via Sacra. Su tale asse stiamo valutando di intervenire attraverso l\u2019applicazione di fasce orarie. Ci sembra ragionevole la richiesta di un\u2019unica area di parcheggio per residenti. Si \u00e8 riscontrato intanto un forte incremento nell\u2019utilizzo delle scale mobili. Incontrer\u00f2 \u2013ha concluso- ancora i commercianti attraverso le loro associazioni ed i residenti del Centro storico\u201d.<br \/>Sulla possibilit\u00e0 di istituzione di fasce orarie Santarsiero ha sottolineato che si potrebbe estenderle anche ad altre aree del Centro storico fino ad oggi escluse dalla ZTL. Alla seduta presente anche l&#8217;assessore al Commercio e al Turismo Luciano De Rosa, particolarmente impegnato nella sua duplice veste assessorile, che lo vede interlocutore privilegiato con le associazioni di categoria e principale referente per quello che riguarda gli aspetti turistici che riguardano il capoluogo di regione.<br \/>Il presidente della Commissione Vito Mitro, che ha ritirato le dimissioni, ha colto nell\u2019intervento del Sindaco \u201cgrande disponibilit\u00e0 per trovare soluzioni che diano risposte a tutte le sollecitazioni che sono arrivate.<br \/>Rispetteremo i tempi richiesti e la commissione affronter\u00e0 la questione con grande senso responsabilit\u00e0 e professionalit\u00e0 per dare all\u2019Amministrazione una proposta definitiva e condivisa.\u201d<br \/>Il vicepresidente Sebastiano Papa ha espresso soddisfazione per il ripensamento di Mitro, autore di un lavoro eccellente. Molto positiva la volont\u00e0 evidenziata dal Sindaco, nel corso dell\u2019ultimo Consiglio comunale, a dirsi disponibile a eventuali rimodulazioni di taluni aspetti del provvedimento. Altrettanto lodevole la decisione della Commissione di ripiegarsi, gi\u00e0 da subito, per cercare soluzioni condivise che consentano la buona riuscita del provvedimento\u201d ha concluso il consigliere del Pd. Stando al consigliere Sergio Potenza \u201cla decisione \u00e8 di competenza della Giunta ed \u00e8 bene comprendere bene di che cosa si deve occupare la Commissione .\u201d<br \/>Per Salvatore Lacerra \u201cil lavoro della Commissione deve diventare propositivo e dare indicazioni alla Giunta; perch\u00e9 non pensare a una Ztl stagionale viste le condizioni climatiche presenti nella nostra citt\u00e0?\u201d Giuseppe Molinari ha evidenziato \u201cle significative aperture del Sindaco rispetto alle quali vanno ascoltate le associazioni dei commercianti. Fernando Picerno torna sulla sua originaria contrariet\u00e0 al provvedimento. \u201cVanno ascoltate le associazioni anche se sar\u00e0 la Giunta a dover decidere.\u201d Secondo Angelo Laieta \u201c\u00e8 la Commissione il luogo deputato alle discussioni ed entro le prossime due settimane si potr\u00e0 arrivare a licenziare un provvedimento condiviso\u201d. \u201cIl lavoro della Commissione \u2013 secondo Emilio Libutti \u2013 dovr\u00e0 proseguire seguendo un metodo basato su un confronto aperto e sereno tra le componenti politico-amministrative della Commissione\u201d. Tempi celeri \u201cper affrontare i problemi che pure esistono\u201d sono stati richiesti da Giuseppe Laviero. Roberto Mancino ha ricordato che \u201cla scelta della Ztl rientra nel programma elettorale e che i potentini devono abituarsi a raggiungere il centro storico con le scale mobili\u201d.<br \/>Mercoled\u00ec i commissari torneranno a riunirsi per riprendere l\u2019esame del provvedimento.<\/span><\/span><\/p>\n","protected":false},"excerpt":{"rendered":"<p>\u201cTempi brevi per ricevere una proposta che possa portare a un provvedimento condiviso e definitivo\u201d. E\u2019 quanto ha chiesto il Sindaco di Potenza Vito Santarsiero &#8230; <\/p>\n","protected":false},"author":1,"featured_media":0,"comment_status":"closed","ping_status":"closed","sticky":false,"template":"single-sidebar.php","format":"standard","meta":{"footnotes":""},"categories":[63],"tags":[],"class_list":["post-4626","post","type-post","status-publish","format-standard","hentry","category-news"],"_links":{"self":[{"href":"https:\/\/archivio.comune.potenza.it\/index.php?rest_route=\/wp\/v2\/posts\/4626"}],"collection":[{"href":"https:\/\/archivio.comune.potenza.it\/index.php?rest_route=\/wp\/v2\/posts"}],"about":[{"href":"https:\/\/archivio.comune.potenza.it\/index.php?rest_route=\/wp\/v2\/types\/post"}],"author":[{"embeddable":true,"href":"https:\/\/archivio.comune.potenza.it\/index.php?rest_route=\/wp\/v2\/users\/1"}],"replies":[{"embeddable":true,"href":"https:\/\/archivio.comune.potenza.it\/index.php?rest_route=%2Fwp%2Fv2%2Fcomments&post=4626"}],"version-history":[{"count":0,"href":"https:\/\/archivio.comune.potenza.it\/index.php?rest_route=\/wp\/v2\/posts\/4626\/revisions"}],"wp:attachment":[{"href":"https:\/\/archivio.comune.potenza.it\/index.php?rest_route=%2Fwp%2Fv2%2Fmedia&parent=4626"}],"wp:term":[{"taxonomy":"category","embeddable":true,"href":"https:\/\/archivio.comune.potenza.it\/index.php?rest_route=%2Fwp%2Fv2%2Fcategories&post=4626"},{"taxonomy":"post_tag","embeddable":true,"href":"https:\/\/archivio.comune.potenza.it\/index.php?rest_route=%2Fwp%2Fv2%2Ftags&post=4626"}],"curies":[{"name":"wp","href":"https:\/\/api.w.org\/{rel}","templated":true}]}}