{"id":4630,"date":"2012-02-28T14:10:38","date_gmt":"2012-02-28T13:10:38","guid":{"rendered":"http:\/\/archivio.comune.potenza.it\/comune_wp\/?p=4630"},"modified":"2012-02-28T14:10:38","modified_gmt":"2012-02-28T13:10:38","slug":"polizia-localenuovo-assetto-organizzativo-per-dare-risposte-alla-citta","status":"publish","type":"post","link":"https:\/\/archivio.comune.potenza.it\/?p=4630","title":{"rendered":"Polizia Locale:nuovo assetto organizzativo per dare risposte alla citt\u00e0"},"content":{"rendered":"<p style=\"text-align: justify;\"><span style=\"font-family: arial,helvetica,sans-serif;\"><span style=\"font-size: small;\">Nella logica del rilancio professionale, di riorganizzazione ed adozione di un assetto organizzativo pi\u00f9 agile e snello promossa con l\u2019attuale gestione del Corpo della Polizia locale di Potenza, \u00e8 emersa la necessit\u00e0 di adottare un Nuovo Modello Organizzativo della Polizia Locale, che attenuasse le logiche burocratiche, accompagnandola con un radicale alleggerimento amministrativo, processo che porterebbe a concentrare attenzione e risorse su attivit\u00e0 ritenute strategiche per liberare risorse umane e investimenti dalle attivit\u00e0 meno rilevanti. Si \u00e8 ritenuto altres\u00ec che, nell\u2019attuale fase congiunturale sia pi\u00f9 che mai opportuno generare <em>economie di scala<\/em>, finalizzate ad accrescere la produttivit\u00e0 del personale di vigilanza, attualmente in servizio recuperando efficienza ed efficacia dell\u2019attivit\u00e0 amministrativa ed accordando assoluta priorit\u00e0 al controllo del territorio ed ai servizi da rendersi alla collettivit\u00e0.<br \/>Questi i principi ispiratori del processo di cambiamento che ha coinvolto la Polizia Locale della citt\u00e0 capoluogo, che dopo aver scandagliato tutti i procedimenti ad essa attribuiti, anche in considerazione delle innumerevoli incombenze che il Legislatore nazionale e regionale e l\u2019Amministrazione Comunale ha affidato alla Polizia Locale, ha portato a valutare l\u2019opportunit\u00e0 \u00a0&#8211; se non addirittura la necessit\u00e0 &#8211; di rivedere la riorganizzazione di tutti gli uffici e del personale.<br \/>Il trasferimento della sede e l\u2019accorpamento dei nuclei distaccati ha rappresentato l\u2019evento\u00a0 spartiacque tra vecchia e nuova gestione ed ha dato inizio ed impulso ad una nuova stagione di fermento e progettualit\u00e0, i cui beneficiari finali sono gli utenti e tutta la comunit\u00e0 amministrata. I nuovi uffici del Centro Direzionale della Mobilit\u00e0, siti in via Nazario Sauro, pi\u00f9 funzionali, moderni, in posizione urbanisticamente strategica, hanno messo il Corpo della Polizia locale di Potenza in condizione di poter adempiere al meglio alle proprie funzioni di presidio della socialit\u00e0, dissuasione e promozione della legalit\u00e0.<br \/><em>In limine<\/em> ad uno studio capillare della struttura e dopo aver posto in rapporto di corrispondenza le funzioni a cui \u00e8 deputata la Polizia Locale con l\u2019esiguo personale a disposizione, si \u00e8 deciso di aggregare le attivit\u00e0 della Polizia Locale di questa citt\u00e0 in <strong>tre Macro Aree<\/strong> di intervento, ovvero l\u2019<strong>Area \u201cAttivit\u00e0 Territoriali\u201d<\/strong>\u00a0 che racchiude in s\u00e9 l\u2019Unit\u00e0 Operativa \u201cPolizia Giudiziaria &#8211; Urbanistico-Edilizia \u2013 Cantieri \u2013 Esecuzione Ordinanze\u201d, l\u2019Unit\u00e0 Operativa \u201cAmbiente &#8211; Decoro Urbano\u201d e l\u2019Unit\u00e0 Operativa\u00a0 \u201cPolizia Tributaria \u2013 Informazioni\u201d; l\u2019<strong>Area \u201cAttivit\u00e0 Amministrative\u201d <\/strong>che racchiude in s\u00e9 l\u2019Unit\u00e0 Operativa\u00a0 \u201cUfficio Di Staff \u2013 Segreteria \u2013 Servizi Tecnici\u201d, l\u2019Unit\u00e0 Operativa \u201cVerbali E Ruoli\u201d e l\u2019Unita Operativa\u00a0 \u201cConciliazione \u2013 Contenzioso \u2013 Risarcimento Danni\u201d e l\u2019<strong>Area \u201cPolizia Stradale e Sicurezza\u201d <\/strong>che racchiude in s\u00e9 l\u2019Unit\u00e0 Operativa\u00a0 \u201cPronto Intervento, Viabilita\u2019, Eventi \u2013 Infortunistica\u201d, l\u2019Unit\u00e0 Operativa <strong>\u00a0<\/strong>\u201cPolizia Amministrativa, Annonaria e Commerciale \u2013 Cosap\u201d<strong> <\/strong>e l\u2019Unit\u00e0 Operativa\u00a0 \u201cCentrale Operativa,\u00a0 ZTL e Videosorveglianza &#8211; <em>Front-Office\u201d<\/em>. Le Aree riassorbono, quindi, \u00a0competenze trasversali della Polizia Locale, che richiedono un coordinamento unico ed un\u2019azione di intervento che, pur avendo come obiettivo prioritario il controllo del territorio e la corretta applicazione della Legge, guarda al \u201ccaso di specie\u201d da diverse angolature. L\u2019obiettivo perseguito \u00e8 stato quello di massimizzare l\u2019efficienza, l\u2019efficacia e l\u2019economicit\u00e0 di una macchina amministrativa a cui il cittadino chiede incessantemente risposte precise e definitive.<br \/>Con apposita determina n. 7 del 31 gennaio 2012 si \u00e8, quindi, dato avvio al processo di riorganizzazione di tutto il Corpo di Polizia Locale prevedendo per ciascuna area un <strong>coordinatore<\/strong> e ed <strong>un tavolo tecnico permanente di lavoro<\/strong> <em>(costituito da tutti gli Ufficiali\/Responsabili delle varie Unit\u00e0 Operative)<\/em> come cabina di regia, con alla guida il Comandante, al fine di porre in campo tutte le azioni necessarie per migliorare la gestione delle attivit\u00e0\/funzioni della Polizia Locale.<br \/>Il provvedimento in argomento si pone nell\u2019ambito di una progettualit\u00e0 <em>in itinere<\/em> <em>(iniziata con l\u2019attribuzione al personale dei distintivi di grado)<\/em> che persegue come obiettivo prioritario, in questo particolare momento storico di ristrettezza economica, quello di sfruttare al meglio il personale e le risorse a disposizione per fornire all\u2019utenza un Corpo di Polizia Locale di eccellenza, capace di diventare punto di riferimento per tutta la Regione Basilicata. A tal fine, a suggellare il nuovo corso ed anche per dare piena attuazione alla Nuova Legge Regionale in materia di\u00a0\u00a0n. 41\/2009, dal 1\u00b0 marzo tutti gli appartenenti della Polizia Locale di Potenza si fregeranno delle nuove insegne che riportano, uniti, il simbolo della Citt\u00e0 e della Regione e che sanciscono di fatto il passaggio da Polizia Municipale a Polizia Locale della citt\u00e0 capoluogo di Regione.<\/span><\/span><\/p>\n","protected":false},"excerpt":{"rendered":"<p>Nella logica del rilancio professionale, di riorganizzazione ed adozione di un assetto organizzativo pi\u00f9 agile e snello promossa con l\u2019attuale gestione del Corpo della Polizia &#8230; <\/p>\n","protected":false},"author":1,"featured_media":0,"comment_status":"closed","ping_status":"closed","sticky":false,"template":"single-sidebar.php","format":"standard","meta":{"footnotes":""},"categories":[63],"tags":[],"class_list":["post-4630","post","type-post","status-publish","format-standard","hentry","category-news"],"_links":{"self":[{"href":"https:\/\/archivio.comune.potenza.it\/index.php?rest_route=\/wp\/v2\/posts\/4630"}],"collection":[{"href":"https:\/\/archivio.comune.potenza.it\/index.php?rest_route=\/wp\/v2\/posts"}],"about":[{"href":"https:\/\/archivio.comune.potenza.it\/index.php?rest_route=\/wp\/v2\/types\/post"}],"author":[{"embeddable":true,"href":"https:\/\/archivio.comune.potenza.it\/index.php?rest_route=\/wp\/v2\/users\/1"}],"replies":[{"embeddable":true,"href":"https:\/\/archivio.comune.potenza.it\/index.php?rest_route=%2Fwp%2Fv2%2Fcomments&post=4630"}],"version-history":[{"count":0,"href":"https:\/\/archivio.comune.potenza.it\/index.php?rest_route=\/wp\/v2\/posts\/4630\/revisions"}],"wp:attachment":[{"href":"https:\/\/archivio.comune.potenza.it\/index.php?rest_route=%2Fwp%2Fv2%2Fmedia&parent=4630"}],"wp:term":[{"taxonomy":"category","embeddable":true,"href":"https:\/\/archivio.comune.potenza.it\/index.php?rest_route=%2Fwp%2Fv2%2Fcategories&post=4630"},{"taxonomy":"post_tag","embeddable":true,"href":"https:\/\/archivio.comune.potenza.it\/index.php?rest_route=%2Fwp%2Fv2%2Ftags&post=4630"}],"curies":[{"name":"wp","href":"https:\/\/api.w.org\/{rel}","templated":true}]}}