{"id":4633,"date":"2012-02-28T18:07:52","date_gmt":"2012-02-28T17:07:52","guid":{"rendered":"http:\/\/archivio.comune.potenza.it\/comune_wp\/?p=4633"},"modified":"2012-02-28T18:07:52","modified_gmt":"2012-02-28T17:07:52","slug":"il-sindaco-da-il-benvenuto-agli-indignados","status":"publish","type":"post","link":"https:\/\/archivio.comune.potenza.it\/?p=4633","title":{"rendered":"Il Sindaco d\u00e0 il benvenuto agli Indignados"},"content":{"rendered":"<p><img loading=\"lazy\" decoding=\"async\" src=\"multimediali\/immagini\/News\/2012\/02\/indignados 1.jpg\" border=\"0\" width=\"274\" height=\"205\" style=\"float: left; margin: 10px;\" \/>\u201cUna battaglia pacifista di assoluto valore che vuole richiamare l\u2019attenzione di tutti sui valori della democrazia e della solidariet\u00e0 con le popolazioni colpite dalla crisi economica\u201d cos\u00ec ha definito l\u2019iniziativa di un gruppo di \u2018Indignados\u2019 il Sindaco di Potenza Vito Santarsiero, che ha incontrato i giovani giunti ieri nel capoluogo di regione e accampatisi in piazza Mario Pagano. \u201cCertamente seguono una modalit\u00e0 inedita, che comunque va apprezzata, anche per il forte valore simbolico che riveste. Ringrazio il Prefetto, il Questore e tutte le forze di polizia intervenute, Digos, Polizia di Stato e Polizia locale per aver gestito nella migliore maniera possibile una situazione non consueta. Il nostro saluto di benvenuto \u2013 ha proseguito ancora Santarsiero \u2013 si \u00e8 concretizzato, oltre che attraverso la loro conoscenza diretta, anche cercando di assicurare un ricovero dignitoso e un\u2019assistenza per quello che riguarda il vitto, attraverso l\u2019impegno della Protezione civile comunale e la preziosa collaborazione della Curia diocesana, della Caritas e del Cestrim\u201d. Il Sindaco ha quindi offerto ai ragazzi la possibilit\u00e0 di riunirsi nella Sala dell\u2019Arco nella mattinata di domani (29 febbraio) per svolgere un\u2019assemblea. Ad occuparsi dei diversi aspetti \u00e8 stato delegato l\u2019assessore comunale alla Protezione civile Nicola Lovallo. Il gruppo formato da circa 25 persone, i \u2018Marcheros\u2019, provenienti da diverse nazioni europee, Spagna, Francia, Olanda, Svizzera, Germania e Italia ha cominciato la propria marcia da Nizza alla fine dello scorso ottobre, cammino che li ha portati gi\u00e0 in molte citt\u00e0 italiane e che li condurr\u00e0, a met\u00e0 maggio, ad Atene, meta finale del loro viaggio. I partecipanti hanno comunicato la loro volont\u00e0 di svolgere anche una riunione pubblica con i potentini in piazza Mario Pagano nella serata del 29 febbraio.<\/p>\n","protected":false},"excerpt":{"rendered":"<p>\u201cUna battaglia pacifista di assoluto valore che vuole richiamare l\u2019attenzione di tutti sui valori della democrazia e della solidariet\u00e0 con le popolazioni colpite dalla crisi &#8230; <\/p>\n","protected":false},"author":1,"featured_media":0,"comment_status":"closed","ping_status":"closed","sticky":false,"template":"single-sidebar.php","format":"standard","meta":{"footnotes":""},"categories":[63],"tags":[],"class_list":["post-4633","post","type-post","status-publish","format-standard","hentry","category-news"],"_links":{"self":[{"href":"https:\/\/archivio.comune.potenza.it\/index.php?rest_route=\/wp\/v2\/posts\/4633"}],"collection":[{"href":"https:\/\/archivio.comune.potenza.it\/index.php?rest_route=\/wp\/v2\/posts"}],"about":[{"href":"https:\/\/archivio.comune.potenza.it\/index.php?rest_route=\/wp\/v2\/types\/post"}],"author":[{"embeddable":true,"href":"https:\/\/archivio.comune.potenza.it\/index.php?rest_route=\/wp\/v2\/users\/1"}],"replies":[{"embeddable":true,"href":"https:\/\/archivio.comune.potenza.it\/index.php?rest_route=%2Fwp%2Fv2%2Fcomments&post=4633"}],"version-history":[{"count":0,"href":"https:\/\/archivio.comune.potenza.it\/index.php?rest_route=\/wp\/v2\/posts\/4633\/revisions"}],"wp:attachment":[{"href":"https:\/\/archivio.comune.potenza.it\/index.php?rest_route=%2Fwp%2Fv2%2Fmedia&parent=4633"}],"wp:term":[{"taxonomy":"category","embeddable":true,"href":"https:\/\/archivio.comune.potenza.it\/index.php?rest_route=%2Fwp%2Fv2%2Fcategories&post=4633"},{"taxonomy":"post_tag","embeddable":true,"href":"https:\/\/archivio.comune.potenza.it\/index.php?rest_route=%2Fwp%2Fv2%2Ftags&post=4633"}],"curies":[{"name":"wp","href":"https:\/\/api.w.org\/{rel}","templated":true}]}}