{"id":4644,"date":"2012-02-29T12:48:56","date_gmt":"2012-02-29T11:48:56","guid":{"rendered":"http:\/\/archivio.comune.potenza.it\/comune_wp\/?p=4644"},"modified":"2012-02-29T12:48:56","modified_gmt":"2012-02-29T11:48:56","slug":"santarsiero-il-sud-ce-la-puo-fare-se-si-punta-sul-territorio","status":"publish","type":"post","link":"https:\/\/archivio.comune.potenza.it\/?p=4644","title":{"rendered":"Santarsiero: il Sud ce la pu\u00f2 fare se si punta sul territorio"},"content":{"rendered":"<p><img loading=\"lazy\" decoding=\"async\" src=\"multimediali\/immagini\/News\/2012\/02\/sindaco a salerno.jpg\" border=\"0\" width=\"283\" height=\"212\" style=\"float: left; margin: 10px;\" \/>\u201cIl Sud ce la pu\u00f2 fare se parte dallo sviluppo locale, dal protagonismo diretto dei territori e delle aree urbane, secondo l\u2019esempio che ci arriva dall\u2019Europa con i nuovi regolamenti comunitari\u201d. E\u2019 l\u2019auspicio di Vito Santarsiero, sindaco di Potenza e delegato alle politiche meridionali, intervenuto alla Commissione Mezzogiorno, politiche comunitarie e relazioni internazionali dell&#8217;Anci riunitasi oggi a Salerno per fare il punto sulla riprogrammazione delle risorse destinate alla coesione territoriale. Al centro della discussione il ruolo dei Comuni per il rilancio del Sud, che l\u2019Anci intende valorizzare con la sua Piattaforma per la riforma della politica di coesione 2014-2020.<\/p>\n<p>\u201cL\u2019Europa punta sulle aree urbane mettendo a diposizione risorse, fondi e strumenti, e come associazione crediamo che questo sia uno dei temi fondamentali per portare il Sud in una condizione di sviluppo\u201d, ricorda Santarsiero.<\/p>\n<p>Tuttavia fino ad ora, le \u201caree urbane \u2013 denuncia il delegato Anci &#8211; hanno rappresentato nel Sud un limite, non sono riuscite ad essere il volano dello sviluppo, hanno scontato gravi ritardi nei processi di rigenerazione e di riqualificazione delle risorse e soprattutto non sono riusciti ad essere il luogo dell\u2019innovazione e della ricerca\u201d.<\/p>\n<p>Adesso il negoziato per i nuovi regolamenti comunitari, per i quali l\u2019Anci sollecita un raddoppio delle risorse \u2013 finora al 5% &#8211; dedicate ad investimenti per lo sviluppo urbano, offre la possibilit\u00e0 di rilanciare la centralit\u00e0 dei Comuni.<\/p>\n<p>\u201cMa perch\u00e9 questo accada, bisogna che alle politiche Ue si affianchino politiche nazionali forti per le aree urbane\u201d, sottolinea il delegato Anci. \u201cVogliamo un federalismo vero che consenta ai Comuni di avere autonomia e di sviluppare autonomamente i processi di crescita. Quando questo \u00e8 stato fatto, negli anni novanta, il Paese \u00e8 cresciuto, e il Sud \u00e8 cresciuto pi\u00f9 del centro e del nord\u201d, conclude Santarsiero.<\/p>\n","protected":false},"excerpt":{"rendered":"<p>\u201cIl Sud ce la pu\u00f2 fare se parte dallo sviluppo locale, dal protagonismo diretto dei territori e delle aree urbane, secondo l\u2019esempio che ci arriva &#8230; <\/p>\n","protected":false},"author":1,"featured_media":0,"comment_status":"closed","ping_status":"closed","sticky":false,"template":"single-sidebar.php","format":"standard","meta":{"footnotes":""},"categories":[63],"tags":[],"class_list":["post-4644","post","type-post","status-publish","format-standard","hentry","category-news"],"_links":{"self":[{"href":"https:\/\/archivio.comune.potenza.it\/index.php?rest_route=\/wp\/v2\/posts\/4644"}],"collection":[{"href":"https:\/\/archivio.comune.potenza.it\/index.php?rest_route=\/wp\/v2\/posts"}],"about":[{"href":"https:\/\/archivio.comune.potenza.it\/index.php?rest_route=\/wp\/v2\/types\/post"}],"author":[{"embeddable":true,"href":"https:\/\/archivio.comune.potenza.it\/index.php?rest_route=\/wp\/v2\/users\/1"}],"replies":[{"embeddable":true,"href":"https:\/\/archivio.comune.potenza.it\/index.php?rest_route=%2Fwp%2Fv2%2Fcomments&post=4644"}],"version-history":[{"count":0,"href":"https:\/\/archivio.comune.potenza.it\/index.php?rest_route=\/wp\/v2\/posts\/4644\/revisions"}],"wp:attachment":[{"href":"https:\/\/archivio.comune.potenza.it\/index.php?rest_route=%2Fwp%2Fv2%2Fmedia&parent=4644"}],"wp:term":[{"taxonomy":"category","embeddable":true,"href":"https:\/\/archivio.comune.potenza.it\/index.php?rest_route=%2Fwp%2Fv2%2Fcategories&post=4644"},{"taxonomy":"post_tag","embeddable":true,"href":"https:\/\/archivio.comune.potenza.it\/index.php?rest_route=%2Fwp%2Fv2%2Ftags&post=4644"}],"curies":[{"name":"wp","href":"https:\/\/api.w.org\/{rel}","templated":true}]}}