{"id":4651,"date":"2012-03-01T11:54:48","date_gmt":"2012-03-01T10:54:48","guid":{"rendered":"http:\/\/archivio.comune.potenza.it\/comune_wp\/?p=4651"},"modified":"2012-03-01T11:54:48","modified_gmt":"2012-03-01T10:54:48","slug":"centro-di-aggregazione-giovanile-a-rione-lucania-oltre-500-domande","status":"publish","type":"post","link":"https:\/\/archivio.comune.potenza.it\/?p=4651","title":{"rendered":"Centro di aggregazione giovanile a rione Lucania, oltre 500 domande"},"content":{"rendered":"<p>Sono circa 550 le domande pervenute all\u2019unit\u00e0 di direzione \u2018Servizi Sociali\u2019 di Via Lacava, 2 per l\u2019iscrizione al centro di Aggregazione giovanile i cui locali si trovano nelle adiacenze del campo di calcetto di rione Lucania. \u201cIl Comune di Potenza, nell\u2019ambito degli interventi rivolti ai giovani, \u2013 spiega l\u2019assessore alle Politiche giovanili Emiddio Fiore \u2013\u00a0 intende promuovere\u00a0 il protagonismo giovanile attraverso\u00a0 la creazione di spazi di aggregazione, per incentivare un sano protagonismo\u00a0 giovanile, orientato a dare spazio\u00a0 e voce alla creativit\u00e0 e alle capacit\u00e0 dei giovani, con l\u2019obiettivo\u00a0 di offrire\u00a0 ai ragazzi la possibilit\u00e0 di mettersi in gioco, di investire\u00a0 sulle loro qualit\u00e0,\u00a0 ma anche di attuare\u00a0 un intervento di prevenzione nei confronti della devianza giovanile. Il centro di \u00e8 uno spazio polifunzionale \u2013 ancora Fiore \u2013\u00a0 riservato ai giovani, in cui essi\u00a0 possano incontrarsi e intrattenersi per sviluppare competenze in attivit\u00e0 di tipo creativo, culturale ludico, di informazione e di formazione finalizzate alla promozione dell\u2019agio e alla prevenzione del disagio. Giova precisare che la finalit\u00e0 principale \u00e8 quella di mettere le proprie capacit\u00e0 a disposizione degli altri, il tutto in forma assolutamente gratuita\u201d conclude l\u2019assessore. Faranno parte del Centro tutti i giovani e gli adolescenti\u00a0 di et\u00e0 compresa\u00a0 tra i 15 e i 29 anni, residenti o domiciliati nel Comune di Potenza. La prima assemblea e la contestuale inaugurazione \u00e8 prevista entro il mese di marzo.<\/p>\n","protected":false},"excerpt":{"rendered":"<p>Sono circa 550 le domande pervenute all\u2019unit\u00e0 di direzione \u2018Servizi Sociali\u2019 di Via Lacava, 2 per l\u2019iscrizione al centro di Aggregazione giovanile i cui locali &#8230; <\/p>\n","protected":false},"author":1,"featured_media":0,"comment_status":"closed","ping_status":"closed","sticky":false,"template":"single-sidebar.php","format":"standard","meta":{"footnotes":""},"categories":[63],"tags":[],"class_list":["post-4651","post","type-post","status-publish","format-standard","hentry","category-news"],"_links":{"self":[{"href":"https:\/\/archivio.comune.potenza.it\/index.php?rest_route=\/wp\/v2\/posts\/4651"}],"collection":[{"href":"https:\/\/archivio.comune.potenza.it\/index.php?rest_route=\/wp\/v2\/posts"}],"about":[{"href":"https:\/\/archivio.comune.potenza.it\/index.php?rest_route=\/wp\/v2\/types\/post"}],"author":[{"embeddable":true,"href":"https:\/\/archivio.comune.potenza.it\/index.php?rest_route=\/wp\/v2\/users\/1"}],"replies":[{"embeddable":true,"href":"https:\/\/archivio.comune.potenza.it\/index.php?rest_route=%2Fwp%2Fv2%2Fcomments&post=4651"}],"version-history":[{"count":0,"href":"https:\/\/archivio.comune.potenza.it\/index.php?rest_route=\/wp\/v2\/posts\/4651\/revisions"}],"wp:attachment":[{"href":"https:\/\/archivio.comune.potenza.it\/index.php?rest_route=%2Fwp%2Fv2%2Fmedia&parent=4651"}],"wp:term":[{"taxonomy":"category","embeddable":true,"href":"https:\/\/archivio.comune.potenza.it\/index.php?rest_route=%2Fwp%2Fv2%2Fcategories&post=4651"},{"taxonomy":"post_tag","embeddable":true,"href":"https:\/\/archivio.comune.potenza.it\/index.php?rest_route=%2Fwp%2Fv2%2Ftags&post=4651"}],"curies":[{"name":"wp","href":"https:\/\/api.w.org\/{rel}","templated":true}]}}