{"id":4656,"date":"2012-03-02T12:18:12","date_gmt":"2012-03-02T11:18:12","guid":{"rendered":"http:\/\/archivio.comune.potenza.it\/comune_wp\/?p=4656"},"modified":"2012-03-02T12:18:12","modified_gmt":"2012-03-02T11:18:12","slug":"il-presidente-dellacta-in-vi-commissione","status":"publish","type":"post","link":"https:\/\/archivio.comune.potenza.it\/?p=4656","title":{"rendered":"Il presidente dell&#8217;Acta in VI Commissione"},"content":{"rendered":"<p><img loading=\"lazy\" decoding=\"async\" src=\"multimediali\/immagini\/News\/2012\/03\/dscn0007.jpg\" border=\"0\" width=\"204\" height=\"152\" style=\"float: left; margin: 10px;\" \/>\u201cUn\u2019analisi dettagliata quella presentataci dal presidente Iacobuzio, che con l\u2019Acta \u00e8 riuscito a far fronte in maniera ottimale alle eccezionali precipitazioni nevose registratesi nell\u2019ultimo mese e contestualmente a gestire la raccolta rifiuti in citt\u00e0, facendo fronte a difficolt\u00e0 determinate da criticit\u00e0 di ordine sovracomunale e non imputabili n\u00e9 all\u2019Azienda n\u00e9 all\u2019Amministrazione municipale\u201d questo il commento di Antonio Losasso presidente della VI Commissione consiliare permanente, espresso a margine della seduta che ha visto il presidente dell\u2019Acta Domenico Iacobuzio esaminare la situazione attuale dell\u2019Acta e i ritardi nella raccolta registratisi nei giorni scorsi. Il presidente Iacobuzio ha evidenziato come \u201ca una situazione complicata per quel che riguardava il conferimento dei rifiuti nel Centro di trasferenza di Tito e nelle discariche, si sono sommate le forti nevicate di febbraio. Queste ultime, pur non essendo tali da non consentirci comunque di proseguire nella raccolta, hanno fatto s\u00ec che i rifiuti risultassero intrisi d\u2019acqua, particolare questo che ha determinato difficolt\u00e0 sia per il conferimento a Tito, sia per quello a Tricarico, sia per quello a Fenice. Questa mattina (2 marzo) abbiamo ultimato la raccolta straordinaria con lo sgombero dei rifiuti anche nelle ultime contrade nelle quali ancora non avevamo avuto la possibilit\u00e0 di operare, sempre a causa del peso massimo di rifiuti che potevamo conferire a nostra volta nelle sedi a ci\u00f2 deputate\u201d. Molti gli interventi dei consiglieri presenti alla seduta insieme al presidente del Consiglio comunale Vincenzo Santangelo, tra loro Giuseppe Molinari, Salvatore Lacerra, Vito Mitro, Giuseppe Laviero, Sebastiano Papa,\u00a0 altrettanti i temi affrontati che comunque saranno approfonditi nel corso di una prossima assise del parlamento cittadino in programma tra una decina di giorni, Consiglio comunale aperto che avr\u00e0 come argomento proprio i rifiuti.<\/p>\n","protected":false},"excerpt":{"rendered":"<p>\u201cUn\u2019analisi dettagliata quella presentataci dal presidente Iacobuzio, che con l\u2019Acta \u00e8 riuscito a far fronte in maniera ottimale alle eccezionali precipitazioni nevose registratesi nell\u2019ultimo mese &#8230; <\/p>\n","protected":false},"author":1,"featured_media":0,"comment_status":"closed","ping_status":"closed","sticky":false,"template":"single-sidebar.php","format":"standard","meta":{"footnotes":""},"categories":[63],"tags":[],"class_list":["post-4656","post","type-post","status-publish","format-standard","hentry","category-news"],"_links":{"self":[{"href":"https:\/\/archivio.comune.potenza.it\/index.php?rest_route=\/wp\/v2\/posts\/4656"}],"collection":[{"href":"https:\/\/archivio.comune.potenza.it\/index.php?rest_route=\/wp\/v2\/posts"}],"about":[{"href":"https:\/\/archivio.comune.potenza.it\/index.php?rest_route=\/wp\/v2\/types\/post"}],"author":[{"embeddable":true,"href":"https:\/\/archivio.comune.potenza.it\/index.php?rest_route=\/wp\/v2\/users\/1"}],"replies":[{"embeddable":true,"href":"https:\/\/archivio.comune.potenza.it\/index.php?rest_route=%2Fwp%2Fv2%2Fcomments&post=4656"}],"version-history":[{"count":0,"href":"https:\/\/archivio.comune.potenza.it\/index.php?rest_route=\/wp\/v2\/posts\/4656\/revisions"}],"wp:attachment":[{"href":"https:\/\/archivio.comune.potenza.it\/index.php?rest_route=%2Fwp%2Fv2%2Fmedia&parent=4656"}],"wp:term":[{"taxonomy":"category","embeddable":true,"href":"https:\/\/archivio.comune.potenza.it\/index.php?rest_route=%2Fwp%2Fv2%2Fcategories&post=4656"},{"taxonomy":"post_tag","embeddable":true,"href":"https:\/\/archivio.comune.potenza.it\/index.php?rest_route=%2Fwp%2Fv2%2Ftags&post=4656"}],"curies":[{"name":"wp","href":"https:\/\/api.w.org\/{rel}","templated":true}]}}