{"id":4686,"date":"2012-03-07T16:38:20","date_gmt":"2012-03-07T15:38:20","guid":{"rendered":"http:\/\/archivio.comune.potenza.it\/comune_wp\/?p=4686"},"modified":"2012-03-07T16:38:20","modified_gmt":"2012-03-07T15:38:20","slug":"santarsiero-dona-medagliere-citta-a-rocco-papaleo","status":"publish","type":"post","link":"https:\/\/archivio.comune.potenza.it\/?p=4686","title":{"rendered":"Santarsiero e Assessore De Rosa donano Medagliere citt\u00e0 a Rocco Papaleo"},"content":{"rendered":"<p style=\"text-align: justify;\"><span style=\"font-family: arial,helvetica,sans-serif;\"><span style=\"font-size: small;\">\u00a0\u00a0\u00a0\u00a0\u00a0\u00a0\u00a0\u00a0\u00a0\u00a0\u00a0\u00a0\u00a0\u00a0\u00a0\u00a0\u00a0\u00a0\u00a0\u00a0\u00a0\u00a0\u00a0\u00a0\u00a0\u00a0\u00a0\u00a0\u00a0\u00a0\u00a0\u00a0\u00a0\u00a0\u00a0\u00a0\u00a0\u00a0\u00a0\u00a0\u00a0\u00a0\u00a0\u00a0\u00a0\u00a0\u00a0\u00a0\u00a0\u00a0\u00a0\u00a0\u00a0\u00a0\u00a0\u00a0\u00a0\u00a0\u00a0\u00a0\u00a0\u00a0\u00a0\u00a0\u00a0\u00a0\u00a0\u00a0\u00a0\u00a0\u00a0\u00a0\u00a0\u00a0\u00a0\u00a0\u00a0\u00a0\u00a0\u00a0\u00a0\u00a0\u00a0\u00a0\u00a0\u00a0\u00a0\u00a0\u00a0\u00a0\u00a0\u00a0\u00a0\u00a0\u00a0\u00a0\u00a0\u00a0\u00a0\u00a0\u00a0\u00a0\u00a0\u00a0\u00a0\u00a0\u00a0\u00a0\u00a0\u00a0\u00a0\u00a0\u00a0\u00a0\u00a0\u00a0\u00a0\u00a0\u00a0\u00a0\u00a0\u00a0\u00a0\u00a0\u00a0\u00a0\u00a0\u00a0\u00a0\u00a0\u00a0\u00a0 (AN<span style=\"font-family: arial,helvetica,sans-serif;\"><span style=\"font-size: small;\"><img loading=\"lazy\" decoding=\"async\" src=\"multimediali\/immagini\/dono medagliere.jpg\" border=\"0\" width=\"383\" height=\"258\" style=\"margin: 10px; float: left;\" \/><\/span><\/span>SA) &#8211; POTENZA, 7 MAR &#8211; La Basilicata rende omaggio a uno dei suoi figli, in questo momento forse il pi\u00f9 &#8220;illustre&#8221; dal punto di vista della notoriet\u00e0 che gli \u00e8 stata concessa dalla vetrina nazionale dell&#8217;ultimo Festival di Sanremo: a poco meno di un mese dalla kermesse canora, Rocco Papaleo torna nella sua Lucania, ma chiede &#8220;una lente d&#8217;ingrandimento diversa&#8221; perch\u00e9 bisogna rendere &#8220;onore alla capacit\u00e0 e alle eccellenze, non ai capricci delle star o al gossip&#8221;. Papaleo nel pomeriggio, a Potenza, ha parlato ai giornalisti nella sede della Rai della Basilicata: in teoria avrebbe dovuto rispondere ai cronisti, ma al primo quesito ha invece chiesto la classica domanda a piacere, andando poi &#8220;a braccio&#8221;: &#8220;Grazie per i complimenti, grazie per le interviste, ma vorrei dire che non c&#8217;\u00e9 eccellenza nel Festival, eccellenti sono i musicisti dell&#8217;orchestra, che hanno suonato per una settimana, eccellenti sono i tecnici e gli operatori, che in ogni istante sono stati pronti alle richieste di tutti, soprattutto a quei capricci dei cantanti che a voi giornalisti piacciono tanto&#8221;. Il co-conduttore del Festival si \u00e8 anche dato i voti: &#8220;Io sono stato mediocre, o al massimo appena sufficiente, rispetto a quello che riesco a dare in teatro, ma tutto si perde in quel contesto. Ma voi &#8211; ha aggiunto rivolgendosi sempre ai giornalisti &#8211; dovere indicare la strada, segnalare le capacit\u00e0 e le eccellenze&#8221;. In Basilicata, Papaleo non ha potuto non fare un riferimento alla sua conterranea, Arisa, &#8220;un usignolo, le voglio dedicare un inno&#8221;, e a sua madre, che non si \u00e8 persa un istante della rassegna: &#8220;Lei &#8211; ha detto Papaleo &#8211; sar\u00e0 protagonista del mio prossimo film&#8221;. Nel corso dell&#8217;incontro c&#8217;\u00e9 stato anche un collegamento telefonico a sorpresa: Gianni Morandi ha fatto i complimenti al suo co-conduttore perch\u00e9 &#8220;il festival \u00e8 stato segnato dalla tua presenza &#8211; ha detto Morandi &#8211; e in molti casi mi hai salvato&#8221;. I due hanno poi ricordato Lucio Dalla: &#8220;Questo \u00e8 un momento triste &#8211; hanno spiegato &#8211; ma di lui resteranno sempre le sue canzoni&#8221;. Il sindaco di Potenza, Vito Santarsiero, ha quindi consegnato a Papaleo il medagliere della citt\u00e0, mentre il governatore lucano, Vito De Filippo, ha evidenziato che &#8220;l&#8217;attore porta sempre con s\u00e9 la Basilicata e visto che io sono al secondo mandato &#8211; ha concluso in tono ironico &#8211; possiamo anche candidarlo alle prossime elezioni&#8221;.(ANSA). <br \/>YR1-LSC\/ S44 QBXD<\/span><\/span><\/p>\n","protected":false},"excerpt":{"rendered":"<p>\u00a0\u00a0\u00a0\u00a0\u00a0\u00a0\u00a0\u00a0\u00a0\u00a0\u00a0\u00a0\u00a0\u00a0\u00a0\u00a0\u00a0\u00a0\u00a0\u00a0\u00a0\u00a0\u00a0\u00a0\u00a0\u00a0\u00a0\u00a0\u00a0\u00a0\u00a0\u00a0\u00a0\u00a0\u00a0\u00a0\u00a0\u00a0\u00a0\u00a0\u00a0\u00a0\u00a0\u00a0\u00a0\u00a0\u00a0\u00a0\u00a0\u00a0\u00a0\u00a0\u00a0\u00a0\u00a0\u00a0\u00a0\u00a0\u00a0\u00a0\u00a0\u00a0\u00a0\u00a0\u00a0\u00a0\u00a0\u00a0\u00a0\u00a0\u00a0\u00a0\u00a0\u00a0\u00a0\u00a0\u00a0\u00a0\u00a0\u00a0\u00a0\u00a0\u00a0\u00a0\u00a0\u00a0\u00a0\u00a0\u00a0\u00a0\u00a0\u00a0\u00a0\u00a0\u00a0\u00a0\u00a0\u00a0\u00a0\u00a0\u00a0\u00a0\u00a0\u00a0\u00a0\u00a0\u00a0\u00a0\u00a0\u00a0\u00a0\u00a0\u00a0\u00a0\u00a0\u00a0\u00a0\u00a0\u00a0\u00a0\u00a0\u00a0\u00a0\u00a0\u00a0\u00a0\u00a0\u00a0\u00a0\u00a0\u00a0\u00a0 (ANSA) &#8211; POTENZA, 7 MAR &#8211; La Basilicata rende omaggio a uno dei suoi figli, in questo momento forse il pi\u00f9 &#8220;illustre&#8221; dal punto &#8230; <\/p>\n","protected":false},"author":1,"featured_media":0,"comment_status":"closed","ping_status":"closed","sticky":false,"template":"single-sidebar.php","format":"standard","meta":{"footnotes":""},"categories":[63],"tags":[],"class_list":["post-4686","post","type-post","status-publish","format-standard","hentry","category-news"],"_links":{"self":[{"href":"https:\/\/archivio.comune.potenza.it\/index.php?rest_route=\/wp\/v2\/posts\/4686"}],"collection":[{"href":"https:\/\/archivio.comune.potenza.it\/index.php?rest_route=\/wp\/v2\/posts"}],"about":[{"href":"https:\/\/archivio.comune.potenza.it\/index.php?rest_route=\/wp\/v2\/types\/post"}],"author":[{"embeddable":true,"href":"https:\/\/archivio.comune.potenza.it\/index.php?rest_route=\/wp\/v2\/users\/1"}],"replies":[{"embeddable":true,"href":"https:\/\/archivio.comune.potenza.it\/index.php?rest_route=%2Fwp%2Fv2%2Fcomments&post=4686"}],"version-history":[{"count":0,"href":"https:\/\/archivio.comune.potenza.it\/index.php?rest_route=\/wp\/v2\/posts\/4686\/revisions"}],"wp:attachment":[{"href":"https:\/\/archivio.comune.potenza.it\/index.php?rest_route=%2Fwp%2Fv2%2Fmedia&parent=4686"}],"wp:term":[{"taxonomy":"category","embeddable":true,"href":"https:\/\/archivio.comune.potenza.it\/index.php?rest_route=%2Fwp%2Fv2%2Fcategories&post=4686"},{"taxonomy":"post_tag","embeddable":true,"href":"https:\/\/archivio.comune.potenza.it\/index.php?rest_route=%2Fwp%2Fv2%2Ftags&post=4686"}],"curies":[{"name":"wp","href":"https:\/\/api.w.org\/{rel}","templated":true}]}}