{"id":4690,"date":"2012-03-08T12:34:54","date_gmt":"2012-03-08T11:34:54","guid":{"rendered":"http:\/\/archivio.comune.potenza.it\/comune_wp\/?p=4690"},"modified":"2012-03-08T12:34:54","modified_gmt":"2012-03-08T11:34:54","slug":"8-marzo-a-potenza-tre-strade-saranno-intitolate-donne","status":"publish","type":"post","link":"https:\/\/archivio.comune.potenza.it\/?p=4690","title":{"rendered":"8 marzo: a Potenza tre strade saranno intitolate a donne"},"content":{"rendered":"<p style=\"text-align: justify;\"><span style=\"font-family: arial,helvetica,sans-serif;\"><span style=\"font-size: small;\">(ANSA) &#8211; POTENZA, 8 MAR &#8211; Il Comune di Potenza intitoler\u00e0 tre strade ad altrettante donne, sulla base di 18 proposte consegnate all&#8217;amministrazione comunale dall&#8217;associazione &#8220;Telefono donna&#8221; e votate sul sito internet dell&#8217;ente: il progetto \u00e8 stato presentato stamani, a Potenza, nel corso di un incontro, a cui hanno partecipato l&#8217;assessore comunale all&#8217;ambiente, Nicola Lovallo, la presidente di &#8220;Telefono donna&#8221;, Cinzia Marroccoli, e il dirigente comunale per la qualit\u00e0 urbana, Giancarlo Grano. L&#8217;associazione ha consegnato al Comune 18 proposte, di cui sei a livello internazionale, sei di fama nazionale e sei lucane (o che hanno operato in Basilicata). I nominativi saranno pubblicati su una pagina internet dell&#8217;amministrazione comunale e votate dagli utenti. I tre nomi (uno per ogni gruppo) che riceveranno il maggior numero di voti saranno poi &#8220;recepiti&#8221; dalla giunta comunale, e dovranno ottenere l&#8217;autorizzazione dell&#8217;Istituto nazionale di Storia patria e del Prefetto prima dell&#8217;intitolazione. Per la Basilicata sono stati proposti i nomi di Maria Lucia Dinella (compagna del brigante Ninco Nanco), Ester Scardaccione (primo presidente della Commissione regionale per le pari opportunit\u00e0), Anna Dinella e Maria Padula (due pittrici), Camilla Ravera (prima donna nominata senatore a vita) e Maria Marchetta (Serva di Dio). In Italia solo il cinque per cento delle strade \u00e8 dedicato alle donne, ha detto Marroccoli, e a Potenza questo \u00e8 accaduto solo in otto casi, rispetto a 185 uomini, ma &#8220;quello che dobbiamo evitare &#8211; ha aggiunto &#8211; \u00e8 che non si perda la memoria delle donne che hanno fatto la storia&#8221;. Lovallo ha invece ricordato la delibera, gi\u00e0 approvata, per intitolare a Elisa Claps un nuovo parco nel quartiere di Macchia Romana, e ha confermato &#8220;l&#8217;impegno del Comune a concludere in tempi brevi il precorso di intitolazione&#8221;. (ANSA) YR1-LSC\/ S44 QBXD<\/span><\/span><\/p>\n","protected":false},"excerpt":{"rendered":"<p>(ANSA) &#8211; POTENZA, 8 MAR &#8211; Il Comune di Potenza intitoler\u00e0 tre strade ad altrettante donne, sulla base di 18 proposte consegnate all&#8217;amministrazione comunale dall&#8217;associazione &#8230; <\/p>\n","protected":false},"author":1,"featured_media":0,"comment_status":"closed","ping_status":"closed","sticky":false,"template":"single-sidebar.php","format":"standard","meta":{"footnotes":""},"categories":[63],"tags":[],"class_list":["post-4690","post","type-post","status-publish","format-standard","hentry","category-news"],"_links":{"self":[{"href":"https:\/\/archivio.comune.potenza.it\/index.php?rest_route=\/wp\/v2\/posts\/4690"}],"collection":[{"href":"https:\/\/archivio.comune.potenza.it\/index.php?rest_route=\/wp\/v2\/posts"}],"about":[{"href":"https:\/\/archivio.comune.potenza.it\/index.php?rest_route=\/wp\/v2\/types\/post"}],"author":[{"embeddable":true,"href":"https:\/\/archivio.comune.potenza.it\/index.php?rest_route=\/wp\/v2\/users\/1"}],"replies":[{"embeddable":true,"href":"https:\/\/archivio.comune.potenza.it\/index.php?rest_route=%2Fwp%2Fv2%2Fcomments&post=4690"}],"version-history":[{"count":0,"href":"https:\/\/archivio.comune.potenza.it\/index.php?rest_route=\/wp\/v2\/posts\/4690\/revisions"}],"wp:attachment":[{"href":"https:\/\/archivio.comune.potenza.it\/index.php?rest_route=%2Fwp%2Fv2%2Fmedia&parent=4690"}],"wp:term":[{"taxonomy":"category","embeddable":true,"href":"https:\/\/archivio.comune.potenza.it\/index.php?rest_route=%2Fwp%2Fv2%2Fcategories&post=4690"},{"taxonomy":"post_tag","embeddable":true,"href":"https:\/\/archivio.comune.potenza.it\/index.php?rest_route=%2Fwp%2Fv2%2Ftags&post=4690"}],"curies":[{"name":"wp","href":"https:\/\/api.w.org\/{rel}","templated":true}]}}