{"id":4704,"date":"2012-03-09T12:21:09","date_gmt":"2012-03-09T11:21:09","guid":{"rendered":"http:\/\/archivio.comune.potenza.it\/comune_wp\/?p=4704"},"modified":"2012-03-09T12:21:09","modified_gmt":"2012-03-09T11:21:09","slug":"assistenza-domiciliare-a-favore-di-pensionati-inpdap-non-autosufficienti","status":"publish","type":"post","link":"https:\/\/archivio.comune.potenza.it\/?p=4704","title":{"rendered":"Parte l&#8217;assistenza domiciliare per pensionati INPDAP non autosufficienti"},"content":{"rendered":"<p>A partire da luned\u00ec\u00a0 12 marzo prossimo verr\u00e0 effettuato il Servizio di Assistenza Domiciliare a favore dei pensionati Inpdap non autosufficienti che sono risultati beneficiari di tale servizio nell\u2019ambito dell\u2019iniziativa \u201cHome Care Premium\u201d.\u00a0Come si ricorder\u00e0 l\u2019assessorato alle Politiche e Servizi sociali aveva partecipato con un proprio progetto al bando Inpdap \u2018Home care premium\u2019, destinato ai pensionati pubblici non autosufficienti. Il progetto \u00e8 stato apprezzato ed approvato dall\u2019Inpdap che lo ha finanziato \u00a0e pertanto a 11 pensionati Inpdap non autosufficienti che nel frattempo hanno presentato domanda in base ai requisiti richiesti, saranno erogati \u2013 nella misura di 48 ore mensili per ciascuno \u2013 le seguenti prestazioni:<br \/>a) sostegno all\u2019autonomia della persona:<br \/>1 Aiuto nella corretta deambulazione sia all\u2019interno che all\u2019esterno dell\u2019ambiente domestico e sostegno nella limitata autonomia al fine di facilitare l\u2019esercizio degli atti quotidiani di vita e limitare i danni derivanti da scarsa mobilit\u00e0;<br \/>2\u00a0\u00a0\u00a0\u00a0\u00a0\u00a0\u00a0 Aiuto nell\u2019uso di accorgimenti o attrezzi per lavarsi, vestirsi, mangiare da soli;<br \/>3\u00a0\u00a0\u00a0\u00a0\u00a0\u00a0\u00a0 Accompagnamento presso ambulatori medici, ospedali o presidi sociali in genere con mezzi dedicati;<br \/>4\u00a0\u00a0\u00a0\u00a0\u00a0\u00a0\u00a0 Aiuto nelle attivit\u00e0 di acquisto dei beni di prima necessit\u00e0 della persona assistita;<br \/>5\u00a0\u00a0\u00a0\u00a0\u00a0\u00a0\u00a0 Supporto nello stimolare la persona al mantenimento e rafforzamento delle proprie abilit\u00e0 di cura del s\u00e9 e delle relazioni sociali<\/p>\n<p>\u00a0b) sostegno di tipo sociale e relazionale:\u00a0<\/p>\n<p>1 Cura delle relazioni con la famiglia, e la comunit\u00e0 al fine di evitare l\u2019isolamento e facilitare l\u2019integrazione socio \u2013 relazionale della persona nel contesto di vita di riferimento.<br \/>2 Attivit\u00e0 di sostituzione o di sostegno della famiglia su indicazione del Servizio Sociale Professionale del Comune di Potenza;<br \/>3 Interventi tesi a favorire la vita di relazione anche in collaborazione con le strutture e\/o risorse del territorio mediante il coinvolgimento delle reti di prossimit\u00e0 e parentali<br \/>4 Aiuto per il disbrigo di pratiche amministrative, visite mediche, commissioni etc.<br \/>5 Sostegno al ruolo della famiglia nella cura e nell\u2019assistenza al proprio congiunto per mantenere intatta la sfera affettiva relazionale;<br \/>6\u00a0\u00a0\u00a0\u00a0\u00a0\u00a0\u00a0 Prestazioni di segretariato sociale e di socializzazione;<br \/>7\u00a0\u00a0\u00a0\u00a0\u00a0\u00a0\u00a0 Interventi finalizzati a contrastare l\u2019emarginazione sociale, favorendo il contatto ed il rapporto con le strutture ricreative e culturali per promuovere la partecipazione dell\u2019utente alla vita di Comunit\u00e0;<\/p>\n<p>\u00a0c) sostegno di tipo assistenziale e di cura della persona<\/p>\n<p>1 Aiuto per il soddisfacimento di esigenze individuali e per favorire l\u2019autosufficienza nelle attivit\u00e0 quotidiane (igiene personale, preparazione e somministrazione dei pasti, acquisto di generi alimentari e capi di vestiario di prima necessit\u00e0, ecc.)<br \/>2 Aiuto mirato all\u2019attivazione delle capacit\u00e0 residue della persona e riduzione del ricorso all\u2019istituzionalizzazione;<br \/>3\u00a0 Frizioni e massaggi anti-pediculosi;<br \/>4 Aiuto nella cura igienica della persona, comprese prestazioni di pedicure e manicure;<br \/>5\u00a0 Aiuto nella vestizione;<br \/>6 Aiuto nell\u2019assunzione dei pasti e monitoraggio del rispetto di eventuali diete suggerite dalle figure sanitarie al fine della cura della persona e la prevenzione di stati di malessere o peggioramento della salute;<br \/>7 Osservazione e rilevazione di sintomi manifestati dalla persona assistita che possono creare danno alla sua salute riferendo gli stessi al medico di famiglia ;<br \/>8\u00a0\u00a0\u00a0\u00a0\u00a0\u00a0\u00a0 \u00a0Attivazione, su indicazione del personale sanitario, degli interventi di primo soccorso utilizzando specifici protocolli per mantenere in sicurezza la persona assistita e ridurre al massimo i rischi;<br \/>9\u00a0\u00a0\u00a0\u00a0\u00a0\u00a0\u00a0 \u00a0Collaborazione nella redazione del Piano Personalizzato di assistenza (PAI);<br \/>10\u00a0\u00a0\u00a0 \u00a0Aiuto nella preparazione dei pasti;<br \/>\u00a0<\/p>\n<p>d)\u00a0 cura degli ambienti di vita della persona<\/p>\n<p>1 Cura e aiuto nel governo della casa<br \/>2 Aiuto nella pulizia ordinaria e straordinaria dell\u2019abitazione della persona assistita;<br \/>3 cambio della biancheria e lavaggio;<br \/>4 piccola manutenzione dell\u2019abitazione della persona assistita\u00a0<\/p>\n<p>e) aiuto della persona in situazioni di emergenza<\/p>\n<p>1 Intervento di aiuto alla persona, comprendenti una o pi\u00f9 delle prestazioni sopra riportate, da svolgere, in caso di urgenza, nei festivi e nelle domeniche\u00a0<br \/>2 Bagno assistito e igiene a persone allettate o con lesioni cutanee .<\/p>\n<p>Intanto l\u2019Amministrazione comunale ha riaperto i termini per la eventuale presentazione di altre domande da parte degli aventi diritto.<strong><em>\u00a0\u00a0\u00a0\u00a0\u00a0\u00a0\u00a0\u00a0\u00a0\u00a0\u00a0\u00a0\u00a0\u00a0\u00a0\u00a0\u00a0\u00a0\u00a0\u00a0\u00a0\u00a0\u00a0\u00a0\u00a0\u00a0\u00a0\u00a0\u00a0\u00a0\u00a0\u00a0\u00a0\u00a0\u00a0\u00a0\u00a0\u00a0\u00a0\u00a0\u00a0\u00a0\u00a0\u00a0<\/em><\/strong><\/p>\n<p>\u00a0\u201cIn un periodo contrassegnato da tagli indiscriminati nei trasferimenti statali agli Enti locali \u2013 hanno commentato il sindaco di Potenza Vito Santarsiero e l\u2019assessore ai servizi sociali Donato Pace \u2013 l\u2019Amministrazione comunale e di conseguenza gli uffici competenti hanno dimostrato una volta di pi\u00f9 che, con professionalit\u00e0 e competenza, \u00e8 possibile comunque intercettare forme di finanziamento alternative\u201d.<\/p>\n","protected":false},"excerpt":{"rendered":"<p>A partire da luned\u00ec\u00a0 12 marzo prossimo verr\u00e0 effettuato il Servizio di Assistenza Domiciliare a favore dei pensionati Inpdap non autosufficienti che sono risultati beneficiari &#8230; <\/p>\n","protected":false},"author":1,"featured_media":0,"comment_status":"closed","ping_status":"closed","sticky":false,"template":"single-sidebar.php","format":"standard","meta":{"footnotes":""},"categories":[63],"tags":[],"class_list":["post-4704","post","type-post","status-publish","format-standard","hentry","category-news"],"_links":{"self":[{"href":"https:\/\/archivio.comune.potenza.it\/index.php?rest_route=\/wp\/v2\/posts\/4704"}],"collection":[{"href":"https:\/\/archivio.comune.potenza.it\/index.php?rest_route=\/wp\/v2\/posts"}],"about":[{"href":"https:\/\/archivio.comune.potenza.it\/index.php?rest_route=\/wp\/v2\/types\/post"}],"author":[{"embeddable":true,"href":"https:\/\/archivio.comune.potenza.it\/index.php?rest_route=\/wp\/v2\/users\/1"}],"replies":[{"embeddable":true,"href":"https:\/\/archivio.comune.potenza.it\/index.php?rest_route=%2Fwp%2Fv2%2Fcomments&post=4704"}],"version-history":[{"count":0,"href":"https:\/\/archivio.comune.potenza.it\/index.php?rest_route=\/wp\/v2\/posts\/4704\/revisions"}],"wp:attachment":[{"href":"https:\/\/archivio.comune.potenza.it\/index.php?rest_route=%2Fwp%2Fv2%2Fmedia&parent=4704"}],"wp:term":[{"taxonomy":"category","embeddable":true,"href":"https:\/\/archivio.comune.potenza.it\/index.php?rest_route=%2Fwp%2Fv2%2Fcategories&post=4704"},{"taxonomy":"post_tag","embeddable":true,"href":"https:\/\/archivio.comune.potenza.it\/index.php?rest_route=%2Fwp%2Fv2%2Ftags&post=4704"}],"curies":[{"name":"wp","href":"https:\/\/api.w.org\/{rel}","templated":true}]}}