{"id":4707,"date":"2012-03-09T15:39:14","date_gmt":"2012-03-09T14:39:14","guid":{"rendered":"http:\/\/archivio.comune.potenza.it\/comune_wp\/?p=4707"},"modified":"2012-03-09T15:39:14","modified_gmt":"2012-03-09T14:39:14","slug":"santarsiero-su-imuqnon-possono-essere-le-patrimoniali-di-stato-scaricate-su-cittadini-e-comuni-a-risanare-il-paese","status":"publish","type":"post","link":"https:\/\/archivio.comune.potenza.it\/?p=4707","title":{"rendered":"Santarsiero su IMU:&#8221;non possono essere le patrimoniali di Stato scaricate su cittadini e Comuni a risanare il Paese\u201d"},"content":{"rendered":"<p style=\"text-align: justify;\"><span style=\"font-family: arial,helvetica,sans-serif;\"><span style=\"font-size: small;\">\u201cApprofondiamo con convegni e seminari la conoscenza e le modalit\u00e0 di applicazione dell\u2019IMU. Lo facciamo nella consapevolezza di trovarci dinanzi ad una significativa svolta nel sistema impositivo locale che merita il massimo delle attenzioni e della conoscenza.\u201dCos\u00ec Vito Santarsiero, Sindaco di Potenza e Presidente Anci Basilicata, a margine dell\u2019incontro di studio e di approfondimento sull\u2019IMU svoltosi questa mattina e promosso dall\u2019ANUTEL (Associazione nazionale uffici tributi enti locali), dall\u2019Anci e dal Comune di Potenza.\u201cCon questa giornata di studio \u2013ha aggiunto- si rafforza la qualit\u00e0 dei nostri uffici e della nostra azione amministrativa. Se l\u2019IMU \u00e8 una importante novit\u00e0 portata dalla legge 214\/2011, resta per\u00f2 clamorosamente una occasione persa per il sistema dei Comuni. Si poteva cogliere la opportunit\u00e0 di eliminare definitivamente il trasferimento dello Stato e lasciare l\u2019IMU ai Comuni. Si \u00e8 invece voluta una situazione ibrida e trasformare i Comuni in esattori dello Stato.Incomprensibile ed inaccettabile \u2013 ha detto Santarsiero- \u00e8 infatti la norma che trasferisce da subito e immediatamente allo Stato il 50% dell\u2019IMU lasciando ai Comuni il restante 50% con i problemi delle quote evase ed inesigibili e con la incertezza anche di vedere confermata l\u2019intero gettito previsto. Il sistema complessivo determina ancora un forte taglio alle entrate dei Comuni.Pertanto l\u2019IMU sar\u00e0 occasione ed opportunit\u00e0 solo se sar\u00e0 lasciata per intero ai territori. Pi\u00f9 in generale la situazione finanziaria dei Comuni viene ulteriormente aggravata con danni all\u2019economia reale dalle assurde norme del Patto di Stabilit\u00e0 e dalla Tesoreria Unica che rappresenta un inaccettabile ritorno al passato. Siamo lontanissimi da ogni forma di federalismo, n\u00e9 possiamo accettare che si vada avanti cos\u00ec. Qui c\u2019\u00e8 un modello di risanamento che non pu\u00f2 essere condiviso, non possono essere le patrimoniali di Stato scaricate su cittadini e Comuni a risanare il Paese.<br \/>Cos\u00ec si distruggono i territori. L\u2019Anci Basilicata \u2013ha concluso Santarsiero- avvier\u00e0 una profonda campagna informativa e chieder\u00e0 al Presidente Del Rio azione risolute in mancanze di modifiche alle attuali norme.&#8221;<\/span><\/span><\/p>\n","protected":false},"excerpt":{"rendered":"<p>\u201cApprofondiamo con convegni e seminari la conoscenza e le modalit\u00e0 di applicazione dell\u2019IMU. Lo facciamo nella consapevolezza di trovarci dinanzi ad una significativa svolta nel &#8230; <\/p>\n","protected":false},"author":1,"featured_media":0,"comment_status":"closed","ping_status":"closed","sticky":false,"template":"single-sidebar.php","format":"standard","meta":{"footnotes":""},"categories":[63],"tags":[],"class_list":["post-4707","post","type-post","status-publish","format-standard","hentry","category-news"],"_links":{"self":[{"href":"https:\/\/archivio.comune.potenza.it\/index.php?rest_route=\/wp\/v2\/posts\/4707"}],"collection":[{"href":"https:\/\/archivio.comune.potenza.it\/index.php?rest_route=\/wp\/v2\/posts"}],"about":[{"href":"https:\/\/archivio.comune.potenza.it\/index.php?rest_route=\/wp\/v2\/types\/post"}],"author":[{"embeddable":true,"href":"https:\/\/archivio.comune.potenza.it\/index.php?rest_route=\/wp\/v2\/users\/1"}],"replies":[{"embeddable":true,"href":"https:\/\/archivio.comune.potenza.it\/index.php?rest_route=%2Fwp%2Fv2%2Fcomments&post=4707"}],"version-history":[{"count":0,"href":"https:\/\/archivio.comune.potenza.it\/index.php?rest_route=\/wp\/v2\/posts\/4707\/revisions"}],"wp:attachment":[{"href":"https:\/\/archivio.comune.potenza.it\/index.php?rest_route=%2Fwp%2Fv2%2Fmedia&parent=4707"}],"wp:term":[{"taxonomy":"category","embeddable":true,"href":"https:\/\/archivio.comune.potenza.it\/index.php?rest_route=%2Fwp%2Fv2%2Fcategories&post=4707"},{"taxonomy":"post_tag","embeddable":true,"href":"https:\/\/archivio.comune.potenza.it\/index.php?rest_route=%2Fwp%2Fv2%2Ftags&post=4707"}],"curies":[{"name":"wp","href":"https:\/\/api.w.org\/{rel}","templated":true}]}}