{"id":4711,"date":"2012-03-10T17:38:15","date_gmt":"2012-03-10T16:38:15","guid":{"rendered":"http:\/\/archivio.comune.potenza.it\/comune_wp\/?p=4711"},"modified":"2012-03-10T17:38:15","modified_gmt":"2012-03-10T16:38:15","slug":"omaggio-al-senatore-emilio-colombo","status":"publish","type":"post","link":"https:\/\/archivio.comune.potenza.it\/?p=4711","title":{"rendered":"Omaggio al Senatore Emilio Colombo"},"content":{"rendered":"<p style=\"text-align: justify;\"><span style=\"font-family: arial,helvetica,sans-serif;\"><span style=\"font-size: small;\">&#8220;La politica alla quale voi assistete in questo periodo non \u00e8 invitante n\u00e9 esaltante, dobbiamo riconoscerlo perch\u00e9 ne siamo responsabili: non sempre offre buoni esempi, non sempre \u00e8 all&#8217;altezza dei grandi obiettivi che sarebbe destinata a servire&#8221;. Lo ha detto il senatore a vita Emilio Colombo, oggi a Potenza, rivolgendosi ai giovani presenti nel teatro Stabile, nel corso di una &#8220;Lectio magistralis&#8221;. &#8220;La convinzione che vorrei darvi &#8211; ha aggiunto &#8211; \u00e8 che la politica \u00e8 capace di essere portatrice di grandi ideali&#8221;. Il senatore a vita ha poi evidenziato che &#8220;la politica di distruzione del nemico, e non del dialogo con l&#8217;avversario, portatore di idee diverse, non \u00e8 la nostra politica, non \u00e8 politica&#8221;. Nello &#8220;Stabile&#8221; Colombo (nato nel capoluogo lucano nel 1920) ha tenuto il suo primo discorso per l&#8217;elezione nell&#8217;Assemblea Costituente, nel 1946: e oggi, nello stesso teatro, ha ricevuto la fascia di sindaco, per un giorno, dall&#8217;attuale primo cittadino, Vito Santarsiero, al termine di una lunga &#8220;Lectio Magistralis&#8221; e di un lungo applauso dei presenti. Prima dell&#8217;intervento, il sindaco gli ha consegnato il medagliere della citt\u00e0, e al termine della relazione, Santarsiero ha chiesto a Colombo di indossare la fascia per una foto con gli ex sindaci presenti nel teatro. &#8220;L&#8217;idea di fondo &#8211; ha detto Colombo terminando la sua &#8216;Lectio&#8217; &#8211; \u00e8 che se dobbiamo continuare con la politica di integrazione europea, e dobbiamo continuare a perseguire questo ideale, dobbiamo essere convinti che \u00e8 un ideale portatore di valori di pace e di libert\u00e0, di solidariet\u00e0, e di capacit\u00e0 di essere nel mondo costruttori di pace. L&#8217;Italia non pu\u00f2 non essere in questo contesto. Ma nessun Paese &#8211; ha concluso &#8211; pu\u00f2 essere solo contro colossi mondiali, come Cina e India, e solo L&#8217;Unione europea pu\u00f2 darci l&#8217;opportunit\u00e0 di sedere nei grandi consessi industriali, dove nascono i rapporti con questi grossi colossi&#8221;. (ANSA). YR1-LSC\/ S44 QBXD<\/span><\/span><\/p>\n<p style=\"text-align: justify;\"><span style=\"font-family: arial,helvetica,sans-serif;\"><span style=\"font-size: small;\">La prima Repubblica non \u00e8 stata tangentopoli, ma \u00e8 stata la nostra Costituzione. Una Costituzione della libert\u00e0, fondata sulla persona umana. La Prima Repubblica \u00e8 stato lo sviluppo economico, il &#8216;boom&#8217;, che ha portato l&#8217;Italia a essere uno dei primi Paesi industrializzati al mondo&#8221;. Lo ha detto il senatore a vita Emilio Colombo, nel corso di una &#8220;Lectio magistralis&#8221; tenuta stamani, a Potenza, nel teatro &#8220;Stabile&#8221;. Il senatore a vita, nato a Potenza 92 anni fa e che \u00e8 stato anche presidente del Parlamento europeo, ha ricordato &#8220;le macerie che vedevamo, al termine della Seconda Guerra mondiale, viaggiando per l&#8217;Italia, e ci chiedevamo se un giorno fossimo stati capaci di ricostruire la nostra nazione&#8221;: ma dopo c&#8217;\u00e9 stato &#8220;lo sviluppo economico, la nascita del primo seme di Europa unita, che era un pilastro della pace, e la crescita economica della Germania Ovest&#8221;. &#8220;In questo contesto si \u00e8 sviluppata anche l&#8217;Italia &#8211; ha proseguito Colombo &#8211; che \u00e8 diventata una delle nazioni pi\u00f9 industrializzate, e questa \u00e8 stata anche la Prima Repubblica&#8221;. Il senatore a vita ha infine evidenziato che l&#8217;attuale crisi economica, oltre che da questioni sociali e di mercato, &#8220;nasce dal fatto che non c&#8217;\u00e9 stata sufficiente Europa: serve pi\u00f9 Europa, e se allora avessimo dato una Costituzione pi\u00f9 rigida sul coordinamento delle politiche economiche, oggi forse non avremmo avuto la crisi&#8221;. (ANSA).<\/span><\/span><\/p>\n<p style=\"text-align: justify;\"><span style=\"font-family: arial,helvetica,sans-serif;\"><span style=\"font-size: small;\">&#8220;L&#8217;Inghilterra oggi ci ha dato un dolore e un dispiacere nell&#8217;operazione mal riuscita di liberazione dell&#8217;ostaggio italiano&#8221;. Lo ha detto oggi, a Potenza, il senatore a vita Emilio Colombo, nel corso di una lezione tenuta al teatro Stabile. Colombo ha ripercorso la storia dell&#8217;Unione europea, partendo dai primi trattati della Comunit\u00e0 del carbone e dell&#8217;acciaio: in questo contesto, ha evidenziato il senatore a vita (che \u00e8 stato pi\u00f9 volte ministro degli Esteri), fu fondamentale &#8220;l&#8217;inclusione del Regno Unito e dei suoi valori di democrazia e libert\u00e0, ma oggi l&#8217;Inghilterra ci da dato un dispiacere&#8221;. Riferendosi poi all&#8217;attuale situazione economica, Colombo ha ricordato che &#8220;molti accusano Mario Monti di aver alzato le tasse, ma non si pu\u00f2 pareggiare un bilancio senza prevedere nuove entrate: ma serve anche la lotta all&#8217;evasione e la ripresa dello sviluppo economico, ed \u00e8 quello che dobbiamo fare in Italia&#8221;. (ANSA).YR1-LSC\/ S44 QBXD<\/span><\/span><\/p>\n<p style=\"text-align: justify;\"><span style=\"font-family: arial,helvetica,sans-serif;\">\u00a0<\/span><\/p>\n","protected":false},"excerpt":{"rendered":"<p>&#8220;La politica alla quale voi assistete in questo periodo non \u00e8 invitante n\u00e9 esaltante, dobbiamo riconoscerlo perch\u00e9 ne siamo responsabili: non sempre offre buoni esempi, &#8230; <\/p>\n","protected":false},"author":1,"featured_media":0,"comment_status":"closed","ping_status":"closed","sticky":false,"template":"single-sidebar.php","format":"standard","meta":{"footnotes":""},"categories":[63],"tags":[],"class_list":["post-4711","post","type-post","status-publish","format-standard","hentry","category-news"],"_links":{"self":[{"href":"https:\/\/archivio.comune.potenza.it\/index.php?rest_route=\/wp\/v2\/posts\/4711"}],"collection":[{"href":"https:\/\/archivio.comune.potenza.it\/index.php?rest_route=\/wp\/v2\/posts"}],"about":[{"href":"https:\/\/archivio.comune.potenza.it\/index.php?rest_route=\/wp\/v2\/types\/post"}],"author":[{"embeddable":true,"href":"https:\/\/archivio.comune.potenza.it\/index.php?rest_route=\/wp\/v2\/users\/1"}],"replies":[{"embeddable":true,"href":"https:\/\/archivio.comune.potenza.it\/index.php?rest_route=%2Fwp%2Fv2%2Fcomments&post=4711"}],"version-history":[{"count":0,"href":"https:\/\/archivio.comune.potenza.it\/index.php?rest_route=\/wp\/v2\/posts\/4711\/revisions"}],"wp:attachment":[{"href":"https:\/\/archivio.comune.potenza.it\/index.php?rest_route=%2Fwp%2Fv2%2Fmedia&parent=4711"}],"wp:term":[{"taxonomy":"category","embeddable":true,"href":"https:\/\/archivio.comune.potenza.it\/index.php?rest_route=%2Fwp%2Fv2%2Fcategories&post=4711"},{"taxonomy":"post_tag","embeddable":true,"href":"https:\/\/archivio.comune.potenza.it\/index.php?rest_route=%2Fwp%2Fv2%2Ftags&post=4711"}],"curies":[{"name":"wp","href":"https:\/\/api.w.org\/{rel}","templated":true}]}}