{"id":4719,"date":"2012-03-12T15:26:21","date_gmt":"2012-03-12T14:26:21","guid":{"rendered":"http:\/\/archivio.comune.potenza.it\/comune_wp\/?p=4719"},"modified":"2012-03-12T15:26:21","modified_gmt":"2012-03-12T14:26:21","slug":"rifiuti-se-ne-e-parlato-in-un-consiglio-comunale-aperto","status":"publish","type":"post","link":"https:\/\/archivio.comune.potenza.it\/?p=4719","title":{"rendered":"Rifiuti: se ne \u00e8 parlato in un Consiglio Comunale aperto"},"content":{"rendered":"<p style=\"text-align: justify;\"><span style=\"font-family: arial,helvetica,sans-serif;\"><span style=\"font-size: small;\">(ANSA) &#8211; POTENZA, 12 MAR &#8211; Il progetto di raccolta domiciliare dei rifiuti proposto dal Conai \u00e8 &#8220;l&#8217;unico possibile per Potenza&#8221;, e sar\u00e0 attuato anche se ha dei costi &#8220;che dovranno essere sostenuti&#8221;: intanto la situazione attuale &#8220;\u00e9 critica&#8221;, ed \u00e8 possibile ipotizzare a breve &#8220;un piano di emergenza per ripulire la citt\u00e0, se necessario affidandosi anche a mezzi privati&#8221;. Sono questi alcuni dei passaggi dell&#8217;intervento del sindaco di Potenza, Vito Santarsiero, nel corso della seduta straordinaria del consiglio comunale che si \u00e8 svolta oggi, nel capoluogo lucano, dedicata al tema dei rifiuti. Il sindaco ha evidenziato che il costo di partenza del progetto del Conai per il cosiddetto &#8220;porta a porta&#8221; \u00e8 di sette milioni di euro, &#8220;che abbiamo chiesto alla Regione: abbiamo avuto la disponibilit\u00e0 di De Filippo, e la somma ci consentir\u00e0 di partire&#8221;. &#8220;Poi c&#8217;\u00e9 un costo per il modello gestione &#8211; ha aggiunto Sanatrsiero &#8211; che \u00e8 di due milioni di euro in pi\u00f9 rispetto alla previsione iniziale, e di un milione di euro effettivo al netto dei ricavi della differenziata, che arriver\u00e0 al 75 per cento&#8221;. Per quanto riguarda la situazione attuale, invece, il sindaco ha spiegato che &#8220;ci sono difficolt\u00e0 nella raccolta: Fenice ha ridotto la ricezione dei nostri camion, e la stazione di trasferenza non \u00e8 ampia, per cui andiamo in crisi. Siamo impotenti su questo, e una stazione di trasferenza in localit\u00e0 Pallareta ci faceva comodo. Serve una pulizia straordinaria, per la quale ho dato la disponibilit\u00e0 all&#8217;Acta per le modalit\u00e0 poste in essere in occasione delle ultime eccezionali nevicate&#8221;. Nel corso della riunione, oltre ai consiglieri comunali, sono intervenuti anche il governatore lucano, Vito De Filippo, il presidente della Provincia di Potenza, Piero Lacorazza, il commissario unico dell&#8217;Ato, Sabino Altobello, il presidente regionale di Legambiente, Marco De Biasi, e il presidente dell&#8217;Acta, Domenico Iacobuzio. Per De Filippo, &#8220;saremmo in condizioni di costruire un modello regionale avanzato in caso di una raccolta realizzata bene. Sono pronto a verificare l&#8217;ipotesi di un impianto pubblico di compostaggio a Potenza, in base alle ipotesi di crescita della differenziata&#8221;. Secondo Lacorazza, invece, &#8220;vi sono le potenzialit\u00e0 per gestire una pianificazione complessiva di carattere regionale, rendendo omogenee le pratiche e le tariffe per tutto il territorio&#8221; Iacobuzio, invece, ha evidenziato le &#8220;difficolt\u00e0 di organico&#8221; dell&#8217;Acta &#8220;in vista del progetto Conai&#8221;, e di &#8220;fondi, considerando il pagamento dell&#8217;affitto per la vecchia sede e del mutuo per la nuova, non ancora completata&#8221;. Per Altobello, infine, &#8220;non bisogna politicizzare il problema&#8221; legato anche al fatto che nel Potentino &#8220;vi sono tariffe diverse per discariche diverse: il problema &#8211; ha concluso &#8211; non \u00e8 l&#8217;emergenza rifiuti, perch\u00e9 le quantit\u00e0 sono basse, ma la previsione di pesanti diseconomie che graveranno in modo insopportabile sugli enti&#8221;. (ANSA).<\/span><\/span><\/p>\n<p style=\"text-align: justify;\"><span style=\"font-family: arial,helvetica,sans-serif;\"><span style=\"font-size: small;\">YR1-RES\/ S44 QBXD<\/span><\/span><\/p>\n","protected":false},"excerpt":{"rendered":"<p>(ANSA) &#8211; POTENZA, 12 MAR &#8211; Il progetto di raccolta domiciliare dei rifiuti proposto dal Conai \u00e8 &#8220;l&#8217;unico possibile per Potenza&#8221;, e sar\u00e0 attuato anche &#8230; <\/p>\n","protected":false},"author":1,"featured_media":0,"comment_status":"closed","ping_status":"closed","sticky":false,"template":"single-sidebar.php","format":"standard","meta":{"footnotes":""},"categories":[63],"tags":[],"class_list":["post-4719","post","type-post","status-publish","format-standard","hentry","category-news"],"_links":{"self":[{"href":"https:\/\/archivio.comune.potenza.it\/index.php?rest_route=\/wp\/v2\/posts\/4719"}],"collection":[{"href":"https:\/\/archivio.comune.potenza.it\/index.php?rest_route=\/wp\/v2\/posts"}],"about":[{"href":"https:\/\/archivio.comune.potenza.it\/index.php?rest_route=\/wp\/v2\/types\/post"}],"author":[{"embeddable":true,"href":"https:\/\/archivio.comune.potenza.it\/index.php?rest_route=\/wp\/v2\/users\/1"}],"replies":[{"embeddable":true,"href":"https:\/\/archivio.comune.potenza.it\/index.php?rest_route=%2Fwp%2Fv2%2Fcomments&post=4719"}],"version-history":[{"count":0,"href":"https:\/\/archivio.comune.potenza.it\/index.php?rest_route=\/wp\/v2\/posts\/4719\/revisions"}],"wp:attachment":[{"href":"https:\/\/archivio.comune.potenza.it\/index.php?rest_route=%2Fwp%2Fv2%2Fmedia&parent=4719"}],"wp:term":[{"taxonomy":"category","embeddable":true,"href":"https:\/\/archivio.comune.potenza.it\/index.php?rest_route=%2Fwp%2Fv2%2Fcategories&post=4719"},{"taxonomy":"post_tag","embeddable":true,"href":"https:\/\/archivio.comune.potenza.it\/index.php?rest_route=%2Fwp%2Fv2%2Ftags&post=4719"}],"curies":[{"name":"wp","href":"https:\/\/api.w.org\/{rel}","templated":true}]}}