{"id":4738,"date":"2012-03-14T17:15:56","date_gmt":"2012-03-14T16:15:56","guid":{"rendered":"http:\/\/archivio.comune.potenza.it\/comune_wp\/?p=4738"},"modified":"2012-03-14T17:15:56","modified_gmt":"2012-03-14T16:15:56","slug":"carretta-pd-su-consulta-cittadina-sulla-scuola","status":"publish","type":"post","link":"https:\/\/archivio.comune.potenza.it\/?p=4738","title":{"rendered":"Carretta (PD) su consulta cittadina sulla scuola"},"content":{"rendered":"<p style=\"text-align: justify;\"><span style=\"font-family: arial,helvetica,sans-serif;\"><span style=\"font-size: small;\">&#8220;Nel corso dell\u2019Assemblea della Consulta cittadina sulla scuola sono stati affrontati importanti temi, primo tra tutti quello del dimensionamento scolastico delle scuole di base della citt\u00e0 di Potenza, gi\u00e0 discusso e approvato all\u2019unanimit\u00e0, all\u2019inizio del corrente anno scolastico, durante la IV Commissione consiliare permanente al Comune e successivamente nelle discussioni in Giunta, in Provincia e, in ultimo, in Regione.&#8221; Cos\u00ec il capogruppo del PD Gianpaolo Carretta il quale aggiunge che &#8220;la proposta presentata dall\u2019Assessore Giuseppe Messina \u00e8 stata da tutti condivisa perch\u00e9 \u00e8 garanzia di unione razionale del territorio ed offre un maggiore controllo didattico attraverso dirigenti stabili, effettivi e non transitori.Tutto \u00e8 stato pensato a favore delle esigenze dei fruitori della scuola e di una razionalizzazione dei costi, che il passaggio a 7 istituti comprensivi pu\u00f2 sicuramente garantire.Ciascuna direzione avr\u00e0 almeno 600 alunni, ai quali sar\u00e0 data la possibilit\u00e0 di frequentare lo stesso plesso, dalla scuola dell\u2019infanzia, a quella primaria, fino alla scuola secondaria di primo grado, assicurando agli alunni una continuit\u00e0 didattica molto importante.Anche il trasporto pubblico scolastico verr\u00e0 razionalizzato e adeguato ai bacini di utenza dei 7 istituti, evitando la congestione del traffico nelle ore di punta.Per quanto riguarda, invece, le mense scolastiche saranno istituite Commissione ed esperti adeguate agli 8 punti di cottura attualmente presenti.Ultimo punto dell\u2019ordine del giorno, l\u2019integrazione scolastica, tema per il quale si \u00e8 auspicato un nuovo accordo con la Regione Basilicata, che superi quello di riferimento che risale a pi\u00f9 di 10 anni fa.Si \u00e8 giunti, dunque, &#8211; conclude- a queste soluzioni dopo un soddisfacente confronto tra le parti.&#8221;\u00a0\u00a0\u00a0\u00a0\u00a0\u00a0\u00a0<\/span><\/span><\/p>\n","protected":false},"excerpt":{"rendered":"<p>&#8220;Nel corso dell\u2019Assemblea della Consulta cittadina sulla scuola sono stati affrontati importanti temi, primo tra tutti quello del dimensionamento scolastico delle scuole di base della &#8230; <\/p>\n","protected":false},"author":1,"featured_media":0,"comment_status":"closed","ping_status":"closed","sticky":false,"template":"single-sidebar.php","format":"standard","meta":{"footnotes":""},"categories":[63],"tags":[],"class_list":["post-4738","post","type-post","status-publish","format-standard","hentry","category-news"],"_links":{"self":[{"href":"https:\/\/archivio.comune.potenza.it\/index.php?rest_route=\/wp\/v2\/posts\/4738"}],"collection":[{"href":"https:\/\/archivio.comune.potenza.it\/index.php?rest_route=\/wp\/v2\/posts"}],"about":[{"href":"https:\/\/archivio.comune.potenza.it\/index.php?rest_route=\/wp\/v2\/types\/post"}],"author":[{"embeddable":true,"href":"https:\/\/archivio.comune.potenza.it\/index.php?rest_route=\/wp\/v2\/users\/1"}],"replies":[{"embeddable":true,"href":"https:\/\/archivio.comune.potenza.it\/index.php?rest_route=%2Fwp%2Fv2%2Fcomments&post=4738"}],"version-history":[{"count":0,"href":"https:\/\/archivio.comune.potenza.it\/index.php?rest_route=\/wp\/v2\/posts\/4738\/revisions"}],"wp:attachment":[{"href":"https:\/\/archivio.comune.potenza.it\/index.php?rest_route=%2Fwp%2Fv2%2Fmedia&parent=4738"}],"wp:term":[{"taxonomy":"category","embeddable":true,"href":"https:\/\/archivio.comune.potenza.it\/index.php?rest_route=%2Fwp%2Fv2%2Fcategories&post=4738"},{"taxonomy":"post_tag","embeddable":true,"href":"https:\/\/archivio.comune.potenza.it\/index.php?rest_route=%2Fwp%2Fv2%2Ftags&post=4738"}],"curies":[{"name":"wp","href":"https:\/\/api.w.org\/{rel}","templated":true}]}}