{"id":47490,"date":"2019-09-12T12:34:53","date_gmt":"2019-09-12T10:34:53","guid":{"rendered":"http:\/\/archivio.comune.potenza.it\/?post_type=post&#038;p=34682"},"modified":"2019-09-12T12:34:53","modified_gmt":"2019-09-12T10:34:53","slug":"incontro-con-le-associazioni","status":"publish","type":"post","link":"https:\/\/archivio.comune.potenza.it\/?p=47490","title":{"rendered":"Incontro con le associazioni rinviato al 26 settembre"},"content":{"rendered":"\n<p>Si comunica che l&#8217;Assessorato alle Politiche Sociali unitamente  al Servizio sociale comunale incontrer\u00e0 tutte le associazioni di e per persone con disabilit\u00e0 gioved\u00ec<strong> 26 settembre 2019 alle ore 16,30 <\/strong>e non il 19 settembre, come precedentemente comunicato, presso la Sala dell\u2019Arco in Piazza Matteotti. E&#8217; richiesta la conferma di partecipazione entro il  20\/09\/2019 con l&#8217;indicazione del numero dei partecipanti alla  seguente e- mail: <a href=\"mailto:raffaele.scaldaferri@comune.potenza.it\">raffaele.scaldaferri@comune.potenza.it<\/a>. <br \/>Allo scopo, inoltre, di proseguire il percorso di collaborazione gi\u00e0 avviato con le Associazioni  e allo scopo di conoscere e approfondire le domande e i bisogni delle persone con disabilit\u00e0, si invitano le associazioni a far compilare ai propri associati, in forma anonima,  il questionario allegato. <br \/>I questionari compilati dovranno essere consegnati al Servizio di Segretariato sociale professionale presso la sede dell\u2019Assessorato in Via Nazario Sauro, 2\u00b0 piano &#8211; entro il 25\/09\/2019.<\/p>\n\n\n<div class=\"wp-block-file\"><a href=\"https:\/\/archivio.comune.potenza.it\/wp-content\/uploads\/2019\/09\/Questionario.pdf\">Questionario<\/a><a href=\"https:\/\/archivio.comune.potenza.it\/wp-content\/uploads\/2019\/09\/Questionario.pdf\" class=\"wp-block-file__button\" download>Download<\/a><\/div>\n","protected":false},"excerpt":{"rendered":"<p>Si comunica che l&#8217;Assessorato alle Politiche Sociali unitamente al Servizio sociale comunale incontrer\u00e0 tutte le associazioni di e per persone con disabilit\u00e0 gioved\u00ec 26 settembre &#8230; <\/p>\n","protected":false},"author":20,"featured_media":34683,"comment_status":"closed","ping_status":"closed","sticky":false,"template":"","format":"standard","meta":{"footnotes":""},"categories":[764],"tags":[],"class_list":["post-47490","post","type-post","status-publish","format-standard","has-post-thumbnail","hentry","category-eventi"],"_links":{"self":[{"href":"https:\/\/archivio.comune.potenza.it\/index.php?rest_route=\/wp\/v2\/posts\/47490"}],"collection":[{"href":"https:\/\/archivio.comune.potenza.it\/index.php?rest_route=\/wp\/v2\/posts"}],"about":[{"href":"https:\/\/archivio.comune.potenza.it\/index.php?rest_route=\/wp\/v2\/types\/post"}],"author":[{"embeddable":true,"href":"https:\/\/archivio.comune.potenza.it\/index.php?rest_route=\/wp\/v2\/users\/20"}],"replies":[{"embeddable":true,"href":"https:\/\/archivio.comune.potenza.it\/index.php?rest_route=%2Fwp%2Fv2%2Fcomments&post=47490"}],"version-history":[{"count":0,"href":"https:\/\/archivio.comune.potenza.it\/index.php?rest_route=\/wp\/v2\/posts\/47490\/revisions"}],"wp:featuredmedia":[{"embeddable":true,"href":"https:\/\/archivio.comune.potenza.it\/index.php?rest_route=\/wp\/v2\/media\/34683"}],"wp:attachment":[{"href":"https:\/\/archivio.comune.potenza.it\/index.php?rest_route=%2Fwp%2Fv2%2Fmedia&parent=47490"}],"wp:term":[{"taxonomy":"category","embeddable":true,"href":"https:\/\/archivio.comune.potenza.it\/index.php?rest_route=%2Fwp%2Fv2%2Fcategories&post=47490"},{"taxonomy":"post_tag","embeddable":true,"href":"https:\/\/archivio.comune.potenza.it\/index.php?rest_route=%2Fwp%2Fv2%2Ftags&post=47490"}],"curies":[{"name":"wp","href":"https:\/\/api.w.org\/{rel}","templated":true}]}}