{"id":47491,"date":"2019-09-12T12:53:50","date_gmt":"2019-09-12T10:53:50","guid":{"rendered":"http:\/\/archivio.comune.potenza.it\/?post_type=post&#038;p=34684"},"modified":"2019-09-12T12:53:50","modified_gmt":"2019-09-12T10:53:50","slug":"educazione-sentimentale","status":"publish","type":"post","link":"https:\/\/archivio.comune.potenza.it\/?p=47491","title":{"rendered":"Educazione sentimentale"},"content":{"rendered":"\n<p> Su  quali strategie si pu\u00f2 basare l&#8217;educazione sentimentale?&nbsp; L&#8217;interrogativo  sar\u00e0 al centro di un incontro-dibattito promosso dal Circolo Silvio  Spaventa Filippi con il Patrocinio del Comune di Potenza<strong> sabato 14  settembre alle 18.00 nella Sala dell&#8217;Arco del Palazzo di Citt\u00e0<\/strong>. Saranno  presenti: Santino Bonsera Bonsera, Presidente del  Circolo Silvio Spaventa Filippi e Alessandra Sagarese, Assessore alla  Pubblica Istruzione e rapporti con l&#8217;Universit\u00e0 del Comune di Potenza. A  tenere una relazione sul tema dell&#8217;Educazione sentimentale sar\u00e0 Emilio  Lastrucci, docente di Pedagogia generale e Pedagogia sociale  nell&#8217;Universit\u00e0 degli Studi della Basilicata. <\/p>\n\n\n<div class=\"wp-block-file\"><a href=\"https:\/\/archivio.comune.potenza.it\/wp-content\/uploads\/2019\/09\/sentim.jpg\">Locandina<\/a><a href=\"https:\/\/archivio.comune.potenza.it\/wp-content\/uploads\/2019\/09\/sentim.jpg\" class=\"wp-block-file__button\" download>Download<\/a><\/div>\n\n\n<p>Il titolo della manifestazione &#8211; educazione sentimentale &#8211; rimanda a un&#8217;idea ottocentesca  che trova ampia rappresentazione nell&#8217;omonima opera di Flaubert. Oggi  assistiamo a una crisi dei valori e a una deriva morale anche in virt\u00f9  del fatto che viviamo in un mondo virtuale. Si pone, pertanto, un  problema significativo  che riguarda i legami interpersonali che si vanno sempre pi\u00f9  indebolendo, e che diventano &#8220;liquidi&#8221; come teorizzato dal sociologo  Bauman. In  questo contesto \u00e8 importante rivalutare il ruolo dell&#8217;educatore, a  partire dalla famiglia fino ad arrivare al mondo della scuola. Occorre  una maggiore sinergia tra le istituzioni  educative al fine di guidare correttemante i soggetti in formazione  negli stadi pi\u00f9 precoci dello sviluppo. Al termine della manifestazione \u00e8 previsto un dibattito aperto al pubblico.&nbsp; <\/p>\n","protected":false},"excerpt":{"rendered":"<p>Su quali strategie si pu\u00f2 basare l&#8217;educazione sentimentale?&nbsp; L&#8217;interrogativo sar\u00e0 al centro di un incontro-dibattito promosso dal Circolo Silvio Spaventa Filippi con il Patrocinio del &#8230; <\/p>\n","protected":false},"author":20,"featured_media":34686,"comment_status":"closed","ping_status":"closed","sticky":false,"template":"","format":"standard","meta":{"footnotes":""},"categories":[764],"tags":[],"class_list":["post-47491","post","type-post","status-publish","format-standard","has-post-thumbnail","hentry","category-eventi"],"_links":{"self":[{"href":"https:\/\/archivio.comune.potenza.it\/index.php?rest_route=\/wp\/v2\/posts\/47491"}],"collection":[{"href":"https:\/\/archivio.comune.potenza.it\/index.php?rest_route=\/wp\/v2\/posts"}],"about":[{"href":"https:\/\/archivio.comune.potenza.it\/index.php?rest_route=\/wp\/v2\/types\/post"}],"author":[{"embeddable":true,"href":"https:\/\/archivio.comune.potenza.it\/index.php?rest_route=\/wp\/v2\/users\/20"}],"replies":[{"embeddable":true,"href":"https:\/\/archivio.comune.potenza.it\/index.php?rest_route=%2Fwp%2Fv2%2Fcomments&post=47491"}],"version-history":[{"count":0,"href":"https:\/\/archivio.comune.potenza.it\/index.php?rest_route=\/wp\/v2\/posts\/47491\/revisions"}],"wp:featuredmedia":[{"embeddable":true,"href":"https:\/\/archivio.comune.potenza.it\/index.php?rest_route=\/wp\/v2\/media\/34686"}],"wp:attachment":[{"href":"https:\/\/archivio.comune.potenza.it\/index.php?rest_route=%2Fwp%2Fv2%2Fmedia&parent=47491"}],"wp:term":[{"taxonomy":"category","embeddable":true,"href":"https:\/\/archivio.comune.potenza.it\/index.php?rest_route=%2Fwp%2Fv2%2Fcategories&post=47491"},{"taxonomy":"post_tag","embeddable":true,"href":"https:\/\/archivio.comune.potenza.it\/index.php?rest_route=%2Fwp%2Fv2%2Ftags&post=47491"}],"curies":[{"name":"wp","href":"https:\/\/api.w.org\/{rel}","templated":true}]}}