{"id":47492,"date":"2019-09-13T10:23:38","date_gmt":"2019-09-13T08:23:38","guid":{"rendered":"http:\/\/archivio.comune.potenza.it\/?post_type=post&#038;p=34741"},"modified":"2019-09-13T10:23:38","modified_gmt":"2019-09-13T08:23:38","slug":"trofeo-giovanile-tennistavolo-la-potentina","status":"publish","type":"post","link":"https:\/\/archivio.comune.potenza.it\/?p=47492","title":{"rendered":"Trofeo giovanile Tennistavolo &#8220;La Potentina&#8221;"},"content":{"rendered":"\n<p> Torna a Potenza il tennistavolo giovanile. <br \/>Domenica <strong>15 settembre a  partire dalle 9.00<\/strong> nel <strong>complesso sportivo \u201cRocco Mazzola\u201d di Via Roma,  la Polisportiva \u201cLa Potentina\u201d<\/strong> organizza un torneo regionale per  categorie giovanissimi, ragazzi, allievi e juniores. Il torneo vedr\u00e0 la  partecipazione degli under 18 delle societ\u00e0 di tennistavolo della  Basilicata, ma \u00e8 anche l\u2019occasione per il grande pubblico per tornare ad  apprezzare il tennistavolo giocato dai pi\u00f9 giovani a livello agonistico. Questo torneo \u00e8 anche il primo appuntamento pongistico del  nuovo anno agonistico 2019-2020, ed \u00e8 la prima delle due gare di  qualificazione per i Campionati italiani giovanili del prossimo anno.&nbsp; <\/p>\n\n\n<div class=\"wp-block-file\"><a href=\"https:\/\/archivio.comune.potenza.it\/wp-content\/uploads\/2019\/09\/Locandina-Torneo-Giovanile-La-Potentina.png\">Locandina<\/a><a href=\"https:\/\/archivio.comune.potenza.it\/wp-content\/uploads\/2019\/09\/Locandina-Torneo-Giovanile-La-Potentina.png\" class=\"wp-block-file__button\" download>Download<\/a><\/div>\n","protected":false},"excerpt":{"rendered":"<p>Torna a Potenza il tennistavolo giovanile. Domenica 15 settembre a partire dalle 9.00 nel complesso sportivo \u201cRocco Mazzola\u201d di Via Roma, la Polisportiva \u201cLa Potentina\u201d &#8230; <\/p>\n","protected":false},"author":20,"featured_media":34746,"comment_status":"closed","ping_status":"closed","sticky":false,"template":"","format":"standard","meta":{"footnotes":""},"categories":[764],"tags":[],"class_list":["post-47492","post","type-post","status-publish","format-standard","has-post-thumbnail","hentry","category-eventi"],"_links":{"self":[{"href":"https:\/\/archivio.comune.potenza.it\/index.php?rest_route=\/wp\/v2\/posts\/47492"}],"collection":[{"href":"https:\/\/archivio.comune.potenza.it\/index.php?rest_route=\/wp\/v2\/posts"}],"about":[{"href":"https:\/\/archivio.comune.potenza.it\/index.php?rest_route=\/wp\/v2\/types\/post"}],"author":[{"embeddable":true,"href":"https:\/\/archivio.comune.potenza.it\/index.php?rest_route=\/wp\/v2\/users\/20"}],"replies":[{"embeddable":true,"href":"https:\/\/archivio.comune.potenza.it\/index.php?rest_route=%2Fwp%2Fv2%2Fcomments&post=47492"}],"version-history":[{"count":0,"href":"https:\/\/archivio.comune.potenza.it\/index.php?rest_route=\/wp\/v2\/posts\/47492\/revisions"}],"wp:featuredmedia":[{"embeddable":true,"href":"https:\/\/archivio.comune.potenza.it\/index.php?rest_route=\/wp\/v2\/media\/34746"}],"wp:attachment":[{"href":"https:\/\/archivio.comune.potenza.it\/index.php?rest_route=%2Fwp%2Fv2%2Fmedia&parent=47492"}],"wp:term":[{"taxonomy":"category","embeddable":true,"href":"https:\/\/archivio.comune.potenza.it\/index.php?rest_route=%2Fwp%2Fv2%2Fcategories&post=47492"},{"taxonomy":"post_tag","embeddable":true,"href":"https:\/\/archivio.comune.potenza.it\/index.php?rest_route=%2Fwp%2Fv2%2Ftags&post=47492"}],"curies":[{"name":"wp","href":"https:\/\/api.w.org\/{rel}","templated":true}]}}