{"id":47508,"date":"2019-10-03T12:57:32","date_gmt":"2019-10-03T10:57:32","guid":{"rendered":"http:\/\/archivio.comune.potenza.it\/?post_type=post&#038;p=35161"},"modified":"2019-10-03T12:57:32","modified_gmt":"2019-10-03T10:57:32","slug":"magico-se-e-pensiero-creativo","status":"publish","type":"post","link":"https:\/\/archivio.comune.potenza.it\/?p=47508","title":{"rendered":"&#8220;Magico Se&#8221; e pensiero creativo"},"content":{"rendered":"\n<p>Il 7 ottobre si terr\u00e0, presso il Teatro Piccolo Principe di Potenza alle ore 19.00, il seminario teatrale&#8221;Magico Se&#8221; e Pensiero Creativo &#8211; Il Sistema Stanislavskij, dalla tecnica attoriale alla Terapia del Teatro condotto da Mariaeugenia Morese. La prima parte del Sistema Stanislavskij, Il Lavoro dell&#8217;attore su s\u00e9 stesso, pu\u00f2 definirsi come &#8220;lavoro pre-espressivo&#8221; cio\u00e9 un training che porta in seguito al manifestare l&#8217;espressivita&#8217;. Senza questo lavoro il risultato \u00e8 l&#8217;imitazione di qualcosa che non ci appartiene. \u00c8 quindi un percorso per prendere consapevolezza del nostro Io attraverso il dialogo tra corpo, mente e spirito. Il seminario teatrale \u00e8 rivolto ad aspiranti attori,attori che vogliano approcciarsi al Sistema, insegnanti,operatori di comunit\u00e0 e psicologi, ovviamente studenti delle citate discipline,creativi e chiunque voglia introdursi ad un metodo\/tecnica per sviluppare la propria immaginazione. <br \/>E&#8217;possibile iscriversi scrivendo a info@abitoinscena.com o comunicando tramite whatsapp al 3429458761.<br \/><\/p>\n\n\n<div class=\"wp-block-file\"><a href=\"https:\/\/archivio.comune.potenza.it\/wp-content\/uploads\/2019\/10\/Comunicato-stampa-spazi-narranti.pdf\" target=\"_blank\" rel=\"noreferrer noopener\">Comunicato stampa<\/a><a href=\"https:\/\/archivio.comune.potenza.it\/wp-content\/uploads\/2019\/10\/Comunicato-stampa-spazi-narranti.pdf\" class=\"wp-block-file__button\" download>Download<\/a><\/div>\n\n\n<div class=\"wp-block-file\"><a href=\"https:\/\/archivio.comune.potenza.it\/wp-content\/uploads\/2019\/10\/locandina-spazi-narranti-1.pdf\" target=\"_blank\" rel=\"noreferrer noopener\">Locandina<\/a><a href=\"https:\/\/archivio.comune.potenza.it\/wp-content\/uploads\/2019\/10\/locandina-spazi-narranti-1.pdf\" class=\"wp-block-file__button\" download>Download<\/a><\/div>\n\n\n<p><br \/><\/p>\n","protected":false},"excerpt":{"rendered":"<p>Il 7 ottobre si terr\u00e0, presso il Teatro Piccolo Principe di Potenza alle ore 19.00, il seminario teatrale&#8221;Magico Se&#8221; e Pensiero Creativo &#8211; Il Sistema &#8230; <\/p>\n","protected":false},"author":20,"featured_media":35168,"comment_status":"closed","ping_status":"closed","sticky":false,"template":"","format":"standard","meta":{"footnotes":""},"categories":[764],"tags":[],"class_list":["post-47508","post","type-post","status-publish","format-standard","has-post-thumbnail","hentry","category-eventi"],"_links":{"self":[{"href":"https:\/\/archivio.comune.potenza.it\/index.php?rest_route=\/wp\/v2\/posts\/47508"}],"collection":[{"href":"https:\/\/archivio.comune.potenza.it\/index.php?rest_route=\/wp\/v2\/posts"}],"about":[{"href":"https:\/\/archivio.comune.potenza.it\/index.php?rest_route=\/wp\/v2\/types\/post"}],"author":[{"embeddable":true,"href":"https:\/\/archivio.comune.potenza.it\/index.php?rest_route=\/wp\/v2\/users\/20"}],"replies":[{"embeddable":true,"href":"https:\/\/archivio.comune.potenza.it\/index.php?rest_route=%2Fwp%2Fv2%2Fcomments&post=47508"}],"version-history":[{"count":0,"href":"https:\/\/archivio.comune.potenza.it\/index.php?rest_route=\/wp\/v2\/posts\/47508\/revisions"}],"wp:featuredmedia":[{"embeddable":true,"href":"https:\/\/archivio.comune.potenza.it\/index.php?rest_route=\/wp\/v2\/media\/35168"}],"wp:attachment":[{"href":"https:\/\/archivio.comune.potenza.it\/index.php?rest_route=%2Fwp%2Fv2%2Fmedia&parent=47508"}],"wp:term":[{"taxonomy":"category","embeddable":true,"href":"https:\/\/archivio.comune.potenza.it\/index.php?rest_route=%2Fwp%2Fv2%2Fcategories&post=47508"},{"taxonomy":"post_tag","embeddable":true,"href":"https:\/\/archivio.comune.potenza.it\/index.php?rest_route=%2Fwp%2Fv2%2Ftags&post=47508"}],"curies":[{"name":"wp","href":"https:\/\/api.w.org\/{rel}","templated":true}]}}