{"id":47518,"date":"2019-10-11T13:37:18","date_gmt":"2019-10-11T11:37:18","guid":{"rendered":"http:\/\/archivio.comune.potenza.it\/?post_type=post&#038;p=35410"},"modified":"2019-10-11T13:37:18","modified_gmt":"2019-10-11T11:37:18","slug":"autunno-letterario-della-citta-verticale","status":"publish","type":"post","link":"https:\/\/archivio.comune.potenza.it\/?p=47518","title":{"rendered":"Autunno letterario della citt\u00e0 verticale"},"content":{"rendered":"\n<p>Oltre 80 appuntamenti dal 14 ottobre 2019<br \/> 14.10.19 \u2013 ore 18: Ruota attorno al concetto di \u2018Verticalit\u00e0\u2019 della Citt\u00e0 di Potenza, mutuato per l\u2019occasione anche come tema guida dell\u2019edizione 2019 del cartellone \u2018Autunno letterario della Citt\u00e0 verticale\u2019, sia la presentazione degli oltre ottanta eventi previsti, sia l\u2019introduzione della conferenza stampa tenuta dall\u2019assessore alla Cultura Stefania D\u2019Ottavio al terzo piano del Palazzo della Cultura, in largo della Consacrazione. Nell\u2019edificio ristrutturato che ospita al piano lo sportello informativo turistico del Comune, inaugurato con una breve cerimonia di benedizione curata dal vicario generale don Vito Telesca alla presenza dell\u2019assessore al Turismo Alessandro Galella, la D\u2019Ottavio, dopo l\u2019introduzione del sindaco Mario Guarente che ha invitato tutte le associazioni potentine \u201ca fare del Palazzo della Cultura un vostro spazio e completa vostra disposizione\u201d, ha elencato in maniera sintetica e completa le diverse iniziative previste ai giornalisti e ai diversi rappresentanti delle molte associazioni presenti. \u201cSiamo il capoluogo di regione pi\u00f9 alto d\u2019Italia \u2013 ha esordito l\u2019assessore alla Cultura \u2013 e anche questo conferma quanto vado affermando da tempo: nell\u2019urbanistica di ciascuna citt\u00e0 si cela un mistero e insieme una prospettiva. E un cambio di prospettiva abbiamo immaginato nella Citt\u00e0 che sviluppa la propria verticalit\u00e0, la volont\u00e0 di guardare oltre, di guardare in alto, ma anche la capacit\u00e0 di scandagliare ci\u00f2 che \u00e8 in basso, fino a una vera e profonda introspezione che raggiunge le nostre radici in un dialogo che sappia fondere conoscenza e consapevolezza. E la verticalit\u00e0 \u00e8 anche il leitmotiv di molte delle istanze di partecipazione pervenuteci in un Autunno letterario che vuole essere un aprire il libro della citt\u00e0. Con \u2018Letti di Sera\u2019 e la prima nazionale della presentazione del libro \u2018Breve storia del mio silenzio\u2019 di Giuseppe Lupo andremo a inserirci in quella prima sezione che incentrata sulla presentazione di testi che trovano nella biblioteca di tutti e per tutti di Gocce d\u2019autore, uno spazio ideale, luogo non solo fisico, ma dell\u2019anima. Esperienza di grande emozione la lettura del Cantico dei Cantici musicato, a cura del Teatro Minimo di Basilicata. Ma la \u2018verticalit\u00e0\u2019 nel suo guardare verso l\u2019alto si spinge fino all\u2019Infinito di Leopardi a due secoli dalla sua composizione, fino all\u2019idea dell\u2019uomo capace di volare, 500 anni dopo l\u2019intuizione leonardiana, fino al suolo lunare a 50 anni dall\u2019allunaggio. Impossibile non citare il grande impegno dell\u2019editore Villani, cos\u00ec come di spessore il contributo offerto da Universum Basilicata che, tra l\u2019altro, in collaborazione con Accademia Tiberina Sezione Lucana , presenter\u00e0 il libro \u2018Radici\u2019, i riti del ritorno di Donato Antonio Lo Scalzo. Sempre nel Palazzo della Cultura la presentazione del libro \u2018A scuola di scacchi da Alice\u2019 nell\u2019ambito di un torneo internazionale di scacchi. Di grande interesse il Premio Letterario Melina-Doti e l\u2019altra cerimonia di premiazione, quella del XLVIII Edizione Premio Letterario Basilicata a cura del Circolo culturale Silvio Spaventa Filippi. Iniziativa affascinante quella dell\u2019Unione Italiana dei Ciechi e degli Ipovedenti che scriveranno insieme agli studenti del Istituto comprensivo Leopardi il finale del libro \u2018<em>Filippo e Louis Braille\u2019 di Fabiana Santangelo. La seconda sezione sar\u00e0 interamente dedicata ai ragazzi, con gli studenti della Busciolano che fermeranno la propria attenzione sul clima e \u2018Il Centro della Potenza\u2019 che curer\u00e0 momenti di animazione per i pi\u00f9 piccoli. Sar\u00e0 l\u2019Associazione Culturale Ariadne a portare in scena il teatro letterario con una spettacolo multimediale. La terza sezione vedr\u00e0 lo Stabile centro del cartellone con associazioni quali l\u2019Aipd, il \u2018Festival delle 100 scale\u2019, compagnie teatrali della qualit\u00e0 di \u2018Abito in scena\u2019, offrire momenti nei quali emozionare, riflettere, crescere non solo culturalmente. Nella quarta sezione ci sar\u00e0 la possibilit\u00e0 di coltivare e approfondire la conoscenza del dialetto potentino con opere a esso dedicate e di riscoprire insieme il tema della solidariet\u00e0, per esempio, con Associazione Zonta Club International Potenza che propone uno spettacolo per porre l\u2019attenzione sul tema della prevenzione oncologica. Per la quinta sezione le mostre sapranno catturare l\u2019interesse di quanti attraverso i colori di Santangelo o i volti della Lepore vorranno esplorare e, magari esplorarsi. Sar\u00e0 poi l\u2019associazione culturale e musicale \u2018Sonoricamente\u2019 a portarci a riscoprire angoli cittadini, trasformandoli e set fotografici accompagnati da note musicali. E anche gli alunni della Busciolano avranno il loro spazio espositivo per mostrare i fumetti che avranno disegnato, cos\u00ec come i giovani universitari dell\u2019associazione \u2018C\u2019Entraci\u2019 che collegheranno l\u2019autunno letterario al cinema oltre a realizzare un contest fotografico. Ancora l\u2019associazione Zahara reinterpreter\u00e0 il rapporto uomo \u2013 mondo vegetale  con una performance pittorica e musicale. A fare da cornice, ma anche da colonna sonora a questi oltre due mesi di eventi l\u2019Ateneo Musica Basilicata. Un lavoro complesso, ma insieme facile constatato l\u2019incredibile fermento culturale della nostra Citt\u00e0 e che mi auguro possa trovar \u2018casa\u2019 stabile all\u2019interno di questo Palazzo della Cultura\u201d ha concluso l\u2019assessore D\u2019Ottavio.<\/em><br \/>Info: ufficio cultura, via N. Sauro &#8211; Potenza<br \/>Tel. 0971 415834 &#8211; 723<\/p>\n\n\n<div class=\"wp-block-file\"><a href=\"https:\/\/archivio.comune.potenza.it\/wp-content\/uploads\/2019\/11\/autunno-letterario-2019-cartellone-ter.pdf\"> Programma <\/a><a href=\"https:\/\/archivio.comune.potenza.it\/wp-content\/uploads\/2019\/11\/autunno-letterario-2019-cartellone-ter.pdf\" class=\"wp-block-file__button\" download>Download<\/a><\/div>\n\n\n<div class=\"wp-block-file\"><a href=\"https:\/\/archivio.comune.potenza.it\/wp-content\/uploads\/2019\/10\/locandina-autunno-letterario-2019-1.jpg\">Manifesto<\/a><a href=\"https:\/\/archivio.comune.potenza.it\/wp-content\/uploads\/2019\/10\/locandina-autunno-letterario-2019-1.jpg\" class=\"wp-block-file__button\" download>Download<\/a><\/div>\n","protected":false},"excerpt":{"rendered":"<p>Oltre 80 appuntamenti dal 14 ottobre 2019 14.10.19 \u2013 ore 18: Ruota attorno al concetto di \u2018Verticalit\u00e0\u2019 della Citt\u00e0 di Potenza, mutuato per l\u2019occasione anche &#8230; <\/p>\n","protected":false},"author":20,"featured_media":35412,"comment_status":"closed","ping_status":"closed","sticky":false,"template":"","format":"standard","meta":{"footnotes":""},"categories":[764],"tags":[],"class_list":["post-47518","post","type-post","status-publish","format-standard","has-post-thumbnail","hentry","category-eventi"],"_links":{"self":[{"href":"https:\/\/archivio.comune.potenza.it\/index.php?rest_route=\/wp\/v2\/posts\/47518"}],"collection":[{"href":"https:\/\/archivio.comune.potenza.it\/index.php?rest_route=\/wp\/v2\/posts"}],"about":[{"href":"https:\/\/archivio.comune.potenza.it\/index.php?rest_route=\/wp\/v2\/types\/post"}],"author":[{"embeddable":true,"href":"https:\/\/archivio.comune.potenza.it\/index.php?rest_route=\/wp\/v2\/users\/20"}],"replies":[{"embeddable":true,"href":"https:\/\/archivio.comune.potenza.it\/index.php?rest_route=%2Fwp%2Fv2%2Fcomments&post=47518"}],"version-history":[{"count":0,"href":"https:\/\/archivio.comune.potenza.it\/index.php?rest_route=\/wp\/v2\/posts\/47518\/revisions"}],"wp:featuredmedia":[{"embeddable":true,"href":"https:\/\/archivio.comune.potenza.it\/index.php?rest_route=\/wp\/v2\/media\/35412"}],"wp:attachment":[{"href":"https:\/\/archivio.comune.potenza.it\/index.php?rest_route=%2Fwp%2Fv2%2Fmedia&parent=47518"}],"wp:term":[{"taxonomy":"category","embeddable":true,"href":"https:\/\/archivio.comune.potenza.it\/index.php?rest_route=%2Fwp%2Fv2%2Fcategories&post=47518"},{"taxonomy":"post_tag","embeddable":true,"href":"https:\/\/archivio.comune.potenza.it\/index.php?rest_route=%2Fwp%2Fv2%2Ftags&post=47518"}],"curies":[{"name":"wp","href":"https:\/\/api.w.org\/{rel}","templated":true}]}}