{"id":47519,"date":"2019-10-14T11:15:49","date_gmt":"2019-10-14T09:15:49","guid":{"rendered":"http:\/\/archivio.comune.potenza.it\/?post_type=post&#038;p=35421"},"modified":"2019-10-14T11:15:49","modified_gmt":"2019-10-14T09:15:49","slug":"giovedi-17-ottobre","status":"publish","type":"post","link":"https:\/\/archivio.comune.potenza.it\/?p=47519","title":{"rendered":"Gioved\u00ec 17 ottobre"},"content":{"rendered":"\n<p>Il Comitato promotore per la fondazione di Potenza gioved\u00ec 17 ottobre alle ore 18.00 nella Sala dell&#8217;Arco del Palazzo di Citt\u00e0 in piazza Matteotti.  presenta alla stampa e alla citt\u00e0 il premio RETE DEL DONO, a cui il Comitato partecipa candidando il suo progetto di identit\u00e0 comunitaria IL RICCIO RITROVATO, in occasione dei 900 anni della morte del Santo Patrono Vescovo Gerardo.<br \/><\/p>\n\n\n<div class=\"wp-block-file\"><a href=\"https:\/\/archivio.comune.potenza.it\/wp-content\/uploads\/2019\/10\/locandina-Invitoretedeldono-1.pdf\" target=\"_blank\" rel=\"noreferrer noopener\">locandina<\/a><a href=\"https:\/\/archivio.comune.potenza.it\/wp-content\/uploads\/2019\/10\/locandina-Invitoretedeldono-1.pdf\" class=\"wp-block-file__button\" download>Download<\/a><\/div>\n","protected":false},"excerpt":{"rendered":"<p>Il Comitato promotore per la fondazione di Potenza gioved\u00ec 17 ottobre alle ore 18.00 nella Sala dell&#8217;Arco del Palazzo di Citt\u00e0 in piazza Matteotti. presenta &#8230; <\/p>\n","protected":false},"author":20,"featured_media":35423,"comment_status":"closed","ping_status":"closed","sticky":false,"template":"","format":"standard","meta":{"footnotes":""},"categories":[764],"tags":[],"class_list":["post-47519","post","type-post","status-publish","format-standard","has-post-thumbnail","hentry","category-eventi"],"_links":{"self":[{"href":"https:\/\/archivio.comune.potenza.it\/index.php?rest_route=\/wp\/v2\/posts\/47519"}],"collection":[{"href":"https:\/\/archivio.comune.potenza.it\/index.php?rest_route=\/wp\/v2\/posts"}],"about":[{"href":"https:\/\/archivio.comune.potenza.it\/index.php?rest_route=\/wp\/v2\/types\/post"}],"author":[{"embeddable":true,"href":"https:\/\/archivio.comune.potenza.it\/index.php?rest_route=\/wp\/v2\/users\/20"}],"replies":[{"embeddable":true,"href":"https:\/\/archivio.comune.potenza.it\/index.php?rest_route=%2Fwp%2Fv2%2Fcomments&post=47519"}],"version-history":[{"count":0,"href":"https:\/\/archivio.comune.potenza.it\/index.php?rest_route=\/wp\/v2\/posts\/47519\/revisions"}],"wp:featuredmedia":[{"embeddable":true,"href":"https:\/\/archivio.comune.potenza.it\/index.php?rest_route=\/wp\/v2\/media\/35423"}],"wp:attachment":[{"href":"https:\/\/archivio.comune.potenza.it\/index.php?rest_route=%2Fwp%2Fv2%2Fmedia&parent=47519"}],"wp:term":[{"taxonomy":"category","embeddable":true,"href":"https:\/\/archivio.comune.potenza.it\/index.php?rest_route=%2Fwp%2Fv2%2Fcategories&post=47519"},{"taxonomy":"post_tag","embeddable":true,"href":"https:\/\/archivio.comune.potenza.it\/index.php?rest_route=%2Fwp%2Fv2%2Ftags&post=47519"}],"curies":[{"name":"wp","href":"https:\/\/api.w.org\/{rel}","templated":true}]}}