{"id":47532,"date":"2019-11-06T10:25:11","date_gmt":"2019-11-06T09:25:11","guid":{"rendered":"http:\/\/archivio.comune.potenza.it\/?post_type=post&#038;p=35982"},"modified":"2019-11-06T10:25:11","modified_gmt":"2019-11-06T09:25:11","slug":"mostra-6","status":"publish","type":"post","link":"https:\/\/archivio.comune.potenza.it\/?p=47532","title":{"rendered":"Mostra"},"content":{"rendered":"\n<p>Esposizione temporanea degli artisti lucani Vito Palladino e Rocco  Monteleone <strong> \u2018Le Forze Armate, le loro Sante e i loro Santi  protettori\u2019<\/strong>, sculture raffiguranti i Santi protettori delle Forze Armate  italiane, ma anche i patroni di tutte quelle figure professionali che  sono di supporto alle Forze Armate. <br \/>Palazzo della Cultura, via Cesare Battisti &#8211; Potenza Dal 4 al 30 novembre 2019<br \/><br \/><strong>Il 30 novembre la mostra lascia il Palazzo della cultura<\/strong><br \/>&#8220;Il soldato prega pi\u00f9 di tutti gli altri per la pace, perch\u00e9 \u00e8 lui che deve patire e portare le ferite e le cicatrici pi\u00f9 profonde della guerra&#8221;. Lo sapeva bene il generale statunitense Douglas Macarthur con il quale sembrano concordare i due artisti Vito Palladino e Rocco Monteleone nell&#8217;ideazione e realizzazione della mostra &#8220;<strong>Le forze armate, le sue sante e i suoi santi protettori&#8221;<\/strong>, ospitata fino al 30 novembre nei locali del Palazzo della Cultura in via Cesare Battisti&nbsp; nei pressi di Largo Pignatari di Potenza. Una ricerca iconografica che, ricreando lo stretto legame tra l&#8217;immaginario sacro e le forze armate, vuole motivare l&#8217;uso delle armi verso la ricerca della pace e della fratellanza, cos\u00ec come rivela la frase incisa sotto ogni scultura: eserciti vocati ad abbattere barriere fra gli uomini e non a crearle. <strong>&#8220;<\/strong>Le forze armate, le sue sante e i suoi santi protettori&#8221;<strong> <\/strong>del laboratorio \u201cInnovazione e Devozione in Arte&#8221; di Palladino-Monteleone ha ricevuto il suo battesimo lo scorso 4 novembre in occasione della commemorazione &#8220;dell&#8217; Unita Nazionale e delle forze armate\u201d presso i saloni di rappresentanza della Prefettura di Potenza. Il suo allestimento \u00e8 stato anche occasione per la cittadinanza di poter visitare, per la prima volta, gli splendidi saloni prefettizi alla presenza delle alte cariche militari, le quali hanno dimostrato interesse e apprezzamento per un&#8217;esposizione cos\u00ec originale, soprattutto sotto il profilo concettuale. <br \/>L&#8217;allestimento si compone di 18 sculture a tutto tondo, realizzate con varie tecniche che vanno dalla scultura in terracotta policroma come la Santa Maria del Cammino, patrona del corpo dei Bersaglieri, alla scultura ricoperta di stoffa imbevuta di gesso come il San Martino da Tours, protettore della Fanteria, o la scultura in stile del Settecento Napoletano come il San Michele Arcangelo, patrono della Polizia di Stato e dei Paracadutisti. Le opere sono state corredate da 22 stemmi delle varie forze armate, tutti realizzati in terracotta e dipinti a mano. A chiusura di questo &#8220;santo&#8221; percorso, una scultura dedicata alla Madonna di Viggiano, patrona della Basilicata. In contemporanea del finissage di sabato 30 novembre \u00e8 prevista anche la presentazione dell\u2019esposizione di libri, fumetti, dischi in vinile e collezionismo&nbsp;a cura dell\u2019associazione culturale &#8220;Puglia Eventi&#8221; in occasione del calendario dell\u2019Autunno Letterario della Citta&#8217; Verticale. Dopo Potenza, la prossima tappa della mostra sar\u00e0 Matera e poi tutti i maggiori comuni della Basilicata.<\/p>\n\n\n<div class=\"wp-block-file\"><a href=\"https:\/\/archivio.comune.potenza.it\/wp-content\/uploads\/2019\/11\/San-Martino-da-Tours-protettore-della-Fanteria.jpg\">San Martino da Tours protettore della Fanteria<\/a><a href=\"https:\/\/archivio.comune.potenza.it\/wp-content\/uploads\/2019\/11\/San-Martino-da-Tours-protettore-della-Fanteria.jpg\" class=\"wp-block-file__button\" download>Download<\/a><\/div>\n","protected":false},"excerpt":{"rendered":"<p>Esposizione temporanea degli artisti lucani Vito Palladino e Rocco Monteleone \u2018Le Forze Armate, le loro Sante e i loro Santi protettori\u2019, sculture raffiguranti i Santi &#8230; <\/p>\n","protected":false},"author":20,"featured_media":36760,"comment_status":"closed","ping_status":"closed","sticky":false,"template":"","format":"standard","meta":{"footnotes":""},"categories":[764],"tags":[],"class_list":["post-47532","post","type-post","status-publish","format-standard","has-post-thumbnail","hentry","category-eventi"],"_links":{"self":[{"href":"https:\/\/archivio.comune.potenza.it\/index.php?rest_route=\/wp\/v2\/posts\/47532"}],"collection":[{"href":"https:\/\/archivio.comune.potenza.it\/index.php?rest_route=\/wp\/v2\/posts"}],"about":[{"href":"https:\/\/archivio.comune.potenza.it\/index.php?rest_route=\/wp\/v2\/types\/post"}],"author":[{"embeddable":true,"href":"https:\/\/archivio.comune.potenza.it\/index.php?rest_route=\/wp\/v2\/users\/20"}],"replies":[{"embeddable":true,"href":"https:\/\/archivio.comune.potenza.it\/index.php?rest_route=%2Fwp%2Fv2%2Fcomments&post=47532"}],"version-history":[{"count":0,"href":"https:\/\/archivio.comune.potenza.it\/index.php?rest_route=\/wp\/v2\/posts\/47532\/revisions"}],"wp:featuredmedia":[{"embeddable":true,"href":"https:\/\/archivio.comune.potenza.it\/index.php?rest_route=\/wp\/v2\/media\/36760"}],"wp:attachment":[{"href":"https:\/\/archivio.comune.potenza.it\/index.php?rest_route=%2Fwp%2Fv2%2Fmedia&parent=47532"}],"wp:term":[{"taxonomy":"category","embeddable":true,"href":"https:\/\/archivio.comune.potenza.it\/index.php?rest_route=%2Fwp%2Fv2%2Fcategories&post=47532"},{"taxonomy":"post_tag","embeddable":true,"href":"https:\/\/archivio.comune.potenza.it\/index.php?rest_route=%2Fwp%2Fv2%2Ftags&post=47532"}],"curies":[{"name":"wp","href":"https:\/\/api.w.org\/{rel}","templated":true}]}}