{"id":47534,"date":"2019-11-06T13:02:59","date_gmt":"2019-11-06T12:02:59","guid":{"rendered":"http:\/\/archivio.comune.potenza.it\/?post_type=post&#038;p=35994"},"modified":"2019-11-06T13:02:59","modified_gmt":"2019-11-06T12:02:59","slug":"prima-e-dopo-san-gerardo-3","status":"publish","type":"post","link":"https:\/\/archivio.comune.potenza.it\/?p=47534","title":{"rendered":"\u201c\u2026 prima e dopo San Gerardo \u2026\u201d"},"content":{"rendered":"\n<p>Il  Concorso \u00e8 rivolto alle scuole di ogni ordine e grado della Citt\u00e0 per ricostruire la figura di San Gerardo La Porta, Vescovo e Patrono di Potenza  a 900 anni dalla sua morte. <br \/>Il concorso \u2013 indetto dal Cidi di Potenza d\u2019intesa con l\u2019Agenzia editoriale Bibliofori \u2013 intende ricostruire la figura di San Gerardo La Porta, Vescovo e Patrono della Citt\u00e0, con la consultazione di documenti relativi alla sua storia e la visita di luoghi a lui collegati, a quella del suo vescovado e alla sua assunzione a Santo. Attraverso i lavori proposti per la \u2013 sezione letteraria (<em>testi scritti inediti in forma di Lettera al Santo, Racconto, Poesia, Percorso di ricerca, Fumetto singolo<\/em>) e\/o per la \u2013 sezione artistica (<em>Poster o Manifesto; Fotografia; Composizione musicale<\/em>) previste nel Bando del Concorso studenti e docenti potranno avere, come obiettivo primario, l\u2019occasione di svolgere percorsi di ricerca di storia della citt\u00e0 inserita nel pi\u00f9 vasto contesto storico medievale. Il concorso \u00e8 inserito nel programma delle Celebrazioni Gerardiane promosso dal Comune di Potenza. &nbsp;<br \/>Scheda di adesione da inviare entro il 7 dicembre 2019. <\/p>\n\n\n<div class=\"wp-block-file\"><a href=\"https:\/\/archivio.comune.potenza.it\/wp-content\/uploads\/2019\/11\/San-Gerardo_Bando2019_20.pdf\">Bando <\/a><a href=\"https:\/\/archivio.comune.potenza.it\/wp-content\/uploads\/2019\/11\/San-Gerardo_Bando2019_20.pdf\" class=\"wp-block-file__button\" download>Download<\/a><\/div>\n\n\n<p><a href=\"https:\/\/docs.google.com\/forms\/d\/1CjG-Wf9scqU5m-ynrsxLjn3ywwxPehioVzhLGpLW3FU\/edit\">Modulo da compilare on line<\/a><\/p>\n","protected":false},"excerpt":{"rendered":"<p>Il Concorso \u00e8 rivolto alle scuole di ogni ordine e grado della Citt\u00e0 per ricostruire la figura di San Gerardo La Porta, Vescovo e Patrono &#8230; <\/p>\n","protected":false},"author":20,"featured_media":35995,"comment_status":"closed","ping_status":"closed","sticky":false,"template":"","format":"standard","meta":{"footnotes":""},"categories":[764],"tags":[],"class_list":["post-47534","post","type-post","status-publish","format-standard","has-post-thumbnail","hentry","category-eventi"],"_links":{"self":[{"href":"https:\/\/archivio.comune.potenza.it\/index.php?rest_route=\/wp\/v2\/posts\/47534"}],"collection":[{"href":"https:\/\/archivio.comune.potenza.it\/index.php?rest_route=\/wp\/v2\/posts"}],"about":[{"href":"https:\/\/archivio.comune.potenza.it\/index.php?rest_route=\/wp\/v2\/types\/post"}],"author":[{"embeddable":true,"href":"https:\/\/archivio.comune.potenza.it\/index.php?rest_route=\/wp\/v2\/users\/20"}],"replies":[{"embeddable":true,"href":"https:\/\/archivio.comune.potenza.it\/index.php?rest_route=%2Fwp%2Fv2%2Fcomments&post=47534"}],"version-history":[{"count":0,"href":"https:\/\/archivio.comune.potenza.it\/index.php?rest_route=\/wp\/v2\/posts\/47534\/revisions"}],"wp:featuredmedia":[{"embeddable":true,"href":"https:\/\/archivio.comune.potenza.it\/index.php?rest_route=\/wp\/v2\/media\/35995"}],"wp:attachment":[{"href":"https:\/\/archivio.comune.potenza.it\/index.php?rest_route=%2Fwp%2Fv2%2Fmedia&parent=47534"}],"wp:term":[{"taxonomy":"category","embeddable":true,"href":"https:\/\/archivio.comune.potenza.it\/index.php?rest_route=%2Fwp%2Fv2%2Fcategories&post=47534"},{"taxonomy":"post_tag","embeddable":true,"href":"https:\/\/archivio.comune.potenza.it\/index.php?rest_route=%2Fwp%2Fv2%2Ftags&post=47534"}],"curies":[{"name":"wp","href":"https:\/\/api.w.org\/{rel}","templated":true}]}}