{"id":47540,"date":"2019-11-15T13:18:06","date_gmt":"2019-11-15T12:18:06","guid":{"rendered":"http:\/\/archivio.comune.potenza.it\/?post_type=post&#038;p=36426"},"modified":"2019-11-15T13:18:06","modified_gmt":"2019-11-15T12:18:06","slug":"la-regina-delle-nevi","status":"publish","type":"post","link":"https:\/\/archivio.comune.potenza.it\/?p=47540","title":{"rendered":"La regina delle nevi e Ascolta, Israele"},"content":{"rendered":"\n<p>La regina delle nevi, tratta dalla favola di Andersen e Schwarz, sar\u00e0 proposta luned\u00ec 25 e in replica mercoled\u00ec 27 novembre al teatro Francesco Stabile, sempre alle ore 10.00.<br \/>Ascolta, Israele sar\u00e0 rappresentata marted\u00ec 26 novembre sempre al teatro Francesco Stabile alle ore 10.00.<br \/>Entrambi curati e diretti da Valeria Freiberg, sono inserite nel cartellone dell&#8217;Autunno letterario del Comune di Potenza.  <br \/><br \/>Info 328-5453108<br \/>Biglietto spettacolo 8 \u20ac<br \/><\/p>\n\n\n<div class=\"wp-block-file\"><a href=\"https:\/\/archivio.comune.potenza.it\/wp-content\/uploads\/2019\/11\/Comunicato-stampa-la-regina-delle-nevi.pdf\" target=\"_blank\" rel=\"noreferrer noopener\">Comunicato stampa<\/a><a href=\"https:\/\/archivio.comune.potenza.it\/wp-content\/uploads\/2019\/11\/Comunicato-stampa-la-regina-delle-nevi.pdf\" class=\"wp-block-file__button\" download>Download<\/a><\/div>\n","protected":false},"excerpt":{"rendered":"<p>La regina delle nevi, tratta dalla favola di Andersen e Schwarz, sar\u00e0 proposta luned\u00ec 25 e in replica mercoled\u00ec 27 novembre al teatro Francesco Stabile, &#8230; <\/p>\n","protected":false},"author":20,"featured_media":36428,"comment_status":"closed","ping_status":"closed","sticky":false,"template":"","format":"standard","meta":{"footnotes":""},"categories":[764],"tags":[],"class_list":["post-47540","post","type-post","status-publish","format-standard","has-post-thumbnail","hentry","category-eventi"],"_links":{"self":[{"href":"https:\/\/archivio.comune.potenza.it\/index.php?rest_route=\/wp\/v2\/posts\/47540"}],"collection":[{"href":"https:\/\/archivio.comune.potenza.it\/index.php?rest_route=\/wp\/v2\/posts"}],"about":[{"href":"https:\/\/archivio.comune.potenza.it\/index.php?rest_route=\/wp\/v2\/types\/post"}],"author":[{"embeddable":true,"href":"https:\/\/archivio.comune.potenza.it\/index.php?rest_route=\/wp\/v2\/users\/20"}],"replies":[{"embeddable":true,"href":"https:\/\/archivio.comune.potenza.it\/index.php?rest_route=%2Fwp%2Fv2%2Fcomments&post=47540"}],"version-history":[{"count":0,"href":"https:\/\/archivio.comune.potenza.it\/index.php?rest_route=\/wp\/v2\/posts\/47540\/revisions"}],"wp:featuredmedia":[{"embeddable":true,"href":"https:\/\/archivio.comune.potenza.it\/index.php?rest_route=\/wp\/v2\/media\/36428"}],"wp:attachment":[{"href":"https:\/\/archivio.comune.potenza.it\/index.php?rest_route=%2Fwp%2Fv2%2Fmedia&parent=47540"}],"wp:term":[{"taxonomy":"category","embeddable":true,"href":"https:\/\/archivio.comune.potenza.it\/index.php?rest_route=%2Fwp%2Fv2%2Fcategories&post=47540"},{"taxonomy":"post_tag","embeddable":true,"href":"https:\/\/archivio.comune.potenza.it\/index.php?rest_route=%2Fwp%2Fv2%2Ftags&post=47540"}],"curies":[{"name":"wp","href":"https:\/\/api.w.org\/{rel}","templated":true}]}}