{"id":4774,"date":"2012-03-20T15:30:15","date_gmt":"2012-03-20T14:30:15","guid":{"rendered":"http:\/\/archivio.comune.potenza.it\/comune_wp\/?p=4774"},"modified":"2012-03-20T15:30:15","modified_gmt":"2012-03-20T14:30:15","slug":"parata-dei-turchiinla-iv-commissione","status":"publish","type":"post","link":"https:\/\/archivio.comune.potenza.it\/?p=4774","title":{"rendered":"Parata dei Turchi:illustrata mostra in IV Commissione"},"content":{"rendered":"<p style=\"text-align: justify;\"><span style=\"font-family: arial,helvetica,sans-serif;\"><span style=\"font-size: small;\"><img loading=\"lazy\" decoding=\"async\" src=\"multimediali\/immagini\/News\/2012\/03\/quarta commissione.jpg\" border=\"0\" width=\"355\" height=\"262\" style=\"margin: 10px; float: left;\" \/>Pubblicazioni, articoli di giornali e atti amministrativi dal 1800 ad oggi che fanno riferimento alla Storica Parata dei Turchi saranno esposti in una mostra che sar\u00e0 allestita dall\u2019Amministrazione Comunale di Potenza a corredo dei festeggiamenti del Santo Patrono.<br \/>In quarta commissione consiliare\u00a0presieduta dal Vice presidente Fanelli, l&#8217;illustrazione del progetto da parte del Presidente del Comitato tecnico scientifico Antonella Pellettieri, presente anche l\u2019altro componente, don Gerardo Messina, e da tre giovani laureate contrattiste del CNR, Simona Buono, Maria Emilia Cavaliere e Antonella Tolve che hanno curato la ricerca e che realizzeranno la mostra. Ad ascoltare anche il Sindaco di Potenza Vito Santarsiero, i consiglieri Molinari, Lacerra, Laviero e Mancino, oltre al dirigente comunale dott. Pace e funzionari dell\u2019Ufficio Cultura.<br \/>Tantissimi gli articoli di giornali che le tre giovani laureate hanno recuperato presso gli archivi storici della citt\u00e0 e tante anche le delibere comunali che fanno riferimento alla Parata dei turchi. Il tutto corredato da foto storiche che accompagneranno i visitatori della mostra, che sar\u00e0 allestita a partire dall\u2019inizio del mese di maggio nelle tre scale mobili della citt\u00e0, in un viaggio a ritroso nella storia per meglio comprendere come questo evento, cui i potentini sono profondamente legati, si \u00e8 evoluto nel tempo ma che ha visto sempre la partecipazione attiva della cittadinanza.<br \/>Soddisfazione per il lavoro svolto dalle tre giovani contrattiste del CNR \u00e8 stato evidenziato sia dal vice presidente della Commissione Fanelli che dallo stesso Sindaco il quale ha parlato di lavoro frutto di approfondimento condotto con rigore scientifico e analisi. Sar\u00e0 anche questo \u2013ha detto Santarsiero- un momento importante per la citt\u00e0. \u201cLa Parata dei Turchi \u00e8 sempre pi\u00f9 espressione del dna della nostra comunit\u00e0\u201d.<br \/>Parole di compiacimento anche dai consiglieri comunali presenti in commissione.<\/span><\/span><\/p>\n","protected":false},"excerpt":{"rendered":"<p>Pubblicazioni, articoli di giornali e atti amministrativi dal 1800 ad oggi che fanno riferimento alla Storica Parata dei Turchi saranno esposti in una mostra che &#8230; <\/p>\n","protected":false},"author":1,"featured_media":0,"comment_status":"closed","ping_status":"closed","sticky":false,"template":"single-sidebar.php","format":"standard","meta":{"footnotes":""},"categories":[63],"tags":[],"class_list":["post-4774","post","type-post","status-publish","format-standard","hentry","category-news"],"_links":{"self":[{"href":"https:\/\/archivio.comune.potenza.it\/index.php?rest_route=\/wp\/v2\/posts\/4774"}],"collection":[{"href":"https:\/\/archivio.comune.potenza.it\/index.php?rest_route=\/wp\/v2\/posts"}],"about":[{"href":"https:\/\/archivio.comune.potenza.it\/index.php?rest_route=\/wp\/v2\/types\/post"}],"author":[{"embeddable":true,"href":"https:\/\/archivio.comune.potenza.it\/index.php?rest_route=\/wp\/v2\/users\/1"}],"replies":[{"embeddable":true,"href":"https:\/\/archivio.comune.potenza.it\/index.php?rest_route=%2Fwp%2Fv2%2Fcomments&post=4774"}],"version-history":[{"count":0,"href":"https:\/\/archivio.comune.potenza.it\/index.php?rest_route=\/wp\/v2\/posts\/4774\/revisions"}],"wp:attachment":[{"href":"https:\/\/archivio.comune.potenza.it\/index.php?rest_route=%2Fwp%2Fv2%2Fmedia&parent=4774"}],"wp:term":[{"taxonomy":"category","embeddable":true,"href":"https:\/\/archivio.comune.potenza.it\/index.php?rest_route=%2Fwp%2Fv2%2Fcategories&post=4774"},{"taxonomy":"post_tag","embeddable":true,"href":"https:\/\/archivio.comune.potenza.it\/index.php?rest_route=%2Fwp%2Fv2%2Ftags&post=4774"}],"curies":[{"name":"wp","href":"https:\/\/api.w.org\/{rel}","templated":true}]}}