{"id":4775,"date":"2012-03-20T17:01:35","date_gmt":"2012-03-20T16:01:35","guid":{"rendered":"http:\/\/archivio.comune.potenza.it\/comune_wp\/?p=4775"},"modified":"2012-03-20T17:01:35","modified_gmt":"2012-03-20T16:01:35","slug":"pesarini-su-ripristino-strada-a-via-vaccaro","status":"publish","type":"post","link":"https:\/\/archivio.comune.potenza.it\/?p=4775","title":{"rendered":"Pesarini su ripristino strada a Via Vaccaro"},"content":{"rendered":"<p style=\"text-align: justify;\"><span style=\"font-family: arial,helvetica,sans-serif;\"><span style=\"font-size: small;\">\u201cGi\u00e0 in questi giorni l\u2019ufficio viabilit\u00e0 del Comune di Potenza sta procedendo alla redazione del progetto che prevede una sistemazione strutturale e definitiva del tratto di strada che va da Via Vaccaro all\u2019incrocio con viale Dante.\u201d Lo comunica l\u2019assessore alla viabilit\u00e0 Antonio Pesarini in risposta alla nota del consigliere comunale Michele Napoli circa lo stato di degrado in cui versano le strade di Potenza. \u201cTale progetto \u2013 aggiunge Pesarini- prevede un impegno di spesa di circa 40 mila euro gi\u00e0 a disposizione dell\u2019Amministrazione, e comporter\u00e0 la parziale chiusura della parte finale di Via Vaccaro che potr\u00e0 essere percorsa, per il tempo necessario alla esecuzione dei lavori, a senso unico a scendere e pertanto il traffico sar\u00e0 deviato per viale Dante.<br \/>Circa gli interventi in corso in questi giorni, volti solo a tamponare le buche pi\u00f9 evidenti che si sono create sull\u2019asfalto a seguito dell\u2019abbondante sale utilizzato durante le precipitazioni nevose, l\u2019assessore Pesarini ribadisce che con i fondi a disposizione in questo momento non \u00e8 possibile asfaltare tutte le strade cittadine ed extraurbane per le quali comunque l\u2019Amministrazione ha chiesto fondi straordinari alla Regione Basilicata. Nella programmazione 2012 per la manutenzione ordinaria \u00e8 gi\u00e0 prevista la bitumazione delle arterie cittadine e extraurbane pi\u00f9 trafficate per un importo complessivo di 600 mila euro.\u201d<\/span><\/span><\/p>\n","protected":false},"excerpt":{"rendered":"<p>\u201cGi\u00e0 in questi giorni l\u2019ufficio viabilit\u00e0 del Comune di Potenza sta procedendo alla redazione del progetto che prevede una sistemazione strutturale e definitiva del tratto &#8230; <\/p>\n","protected":false},"author":1,"featured_media":0,"comment_status":"closed","ping_status":"closed","sticky":false,"template":"single-sidebar.php","format":"standard","meta":{"footnotes":""},"categories":[63],"tags":[],"class_list":["post-4775","post","type-post","status-publish","format-standard","hentry","category-news"],"_links":{"self":[{"href":"https:\/\/archivio.comune.potenza.it\/index.php?rest_route=\/wp\/v2\/posts\/4775"}],"collection":[{"href":"https:\/\/archivio.comune.potenza.it\/index.php?rest_route=\/wp\/v2\/posts"}],"about":[{"href":"https:\/\/archivio.comune.potenza.it\/index.php?rest_route=\/wp\/v2\/types\/post"}],"author":[{"embeddable":true,"href":"https:\/\/archivio.comune.potenza.it\/index.php?rest_route=\/wp\/v2\/users\/1"}],"replies":[{"embeddable":true,"href":"https:\/\/archivio.comune.potenza.it\/index.php?rest_route=%2Fwp%2Fv2%2Fcomments&post=4775"}],"version-history":[{"count":0,"href":"https:\/\/archivio.comune.potenza.it\/index.php?rest_route=\/wp\/v2\/posts\/4775\/revisions"}],"wp:attachment":[{"href":"https:\/\/archivio.comune.potenza.it\/index.php?rest_route=%2Fwp%2Fv2%2Fmedia&parent=4775"}],"wp:term":[{"taxonomy":"category","embeddable":true,"href":"https:\/\/archivio.comune.potenza.it\/index.php?rest_route=%2Fwp%2Fv2%2Fcategories&post=4775"},{"taxonomy":"post_tag","embeddable":true,"href":"https:\/\/archivio.comune.potenza.it\/index.php?rest_route=%2Fwp%2Fv2%2Ftags&post=4775"}],"curies":[{"name":"wp","href":"https:\/\/api.w.org\/{rel}","templated":true}]}}