{"id":4778,"date":"2012-03-21T08:43:51","date_gmt":"2012-03-21T07:43:51","guid":{"rendered":"http:\/\/archivio.comune.potenza.it\/comune_wp\/?p=4778"},"modified":"2012-03-21T08:43:51","modified_gmt":"2012-03-21T07:43:51","slug":"papa-pd-presidente-della-quinta-commissione","status":"publish","type":"post","link":"https:\/\/archivio.comune.potenza.it\/?p=4778","title":{"rendered":"Papa (Pd), presidente della quinta Commissione"},"content":{"rendered":"<p><img loading=\"lazy\" decoding=\"async\" src=\"multimediali\/immagini\/News\/2012\/03\/papa in v commisione 1.jpg\" border=\"0\" width=\"246\" height=\"184\" style=\"float: left; margin: 10px;\" \/>Alla presenza del presidente del Consiglio comunale Vincenzo Santangelo si \u00e8 svolta la seduta di insediamento del nuovo presidente della V<sup>a <\/sup>Commissione consiliare permanente Sebastiano Papa (Pd) che succede al dimissionario Mario Cerverizzo (Pd). \u201cIl settore della programmazione e dello sviluppo economico, quello delle attivit\u00e0 produttive attualmente in sofferenza. Ancora, rispetto al turismo, potenziare le tante peculiarit\u00e0 che possono e devono essere valorizzate meglio, tanto si \u00e8 fatto, tanto resta da fare, cos\u00ec come per quel che riguarda la formazione. Un discorso a parte merita la \u2018ricostruzione\u2019 e la \u2018Protezione civile\u2019, a pi\u00f9 di trent\u2019anni dal sisma che ha segnato la nostra storia, e che quindi, soprattutto per quel che attiene alla seconda, necessita di analisi che consentano di adeguare il modus operandi a una realt\u00e0 cittadina e territoriale in continua evoluzione. Rivolgo a tutti i commissari \u2013 prosegue Papa \u2013 l\u2019invito a formulare proposte sfruttando la nostra posizione di esponenti delegati dai cittadini, che costituiscono una sorta di osservatorio privilegiato, diverso rispetto al lavoro che sono chiamati a svolgere Sindaco e Giunta, in quanto si avvale di tutte le componenti politiche. Tra le prime audizioni che potremo svolgere penso a quella dell\u2019assessore Nicola Lovallo sulla situazione di Bosco Piccolo (richiesta anche dal consigliere dei Dec Rocco Summa) e quella dell\u2019assessore Luciano De Rosa in merito alla programmazione del \u2018Maggio potentino\u2019. Nell\u2019ambito dei diversi incontri e del lavoro alacre che gi\u00e0 si sta svolgendo per preparare la \u2018Parata dei Turchi\u2019, un\u2019idea da valutare insieme potrebbe essere quella di porre in risalto alcuni angoli del centro storico, anche attraverso la trasmissione dell\u2019evento su maxischermi allestiti in tutta la citt\u00e0 e su network televisivi satellitari, oltre che utilizzando le possibilit\u00e0 offerte dalla rete, streming e altri collegamenti simili, cos\u00ec da raggiungere anche le decine di migliaia di lucani e potentini che vivono lontano dalla nostra citt\u00e0. Si potrebbe cos\u00ec giungere ad attribuire al principale evento culturale lucano una triplice valenza: turistica, economica e di protezione civile\u201d. Per il consigliere Roberto Lo Giudice (Con Santarsiero per Potenza) \u201c\u00e8 prioritario guardare ai giovani, ascoltando anche l\u2019assessore Donato Pace responsabile del \u2018Piano per l\u2019occupazione\u2019 che, insieme alla formazione per il lavoro, sono gli argomenti su cui centrare la nostra attenzione. Penso al cammino del pi\u00f9 importante provvedimento regionale quello del \u2018Reddito ponte\u2019 che deve essere esaminato alla luce di una istantanea che fotografi la situazione dell\u2019occupazione in citt\u00e0\u201d. Il coordinatore dei gruppi d\u2019opposizione Giuseppe Molinari sostiene che \u201cparticolare attenzione andr\u00e0 dedicata alla disoccupazione intellettuale e al piano mercatale\u201d. Di \u201caria diversa in Commissione\u201d parla il consigliere Giuseppe Laviero (La Potenza dei cittadini) \u201caria che speriamo possa servire ad analizzare la situazione del settore industriale e lavorativo in generale e proporre percorsi concreti\u201d. Anche Rocco Coviello (gruppo misto) parla \u201cdi aria nuova\u201d e ricorda che \u201cla V<sup>a <\/sup>Commissione \u00e8 chiamata ad affrontare temi affascinanti e particolare attenzione dovr\u00e0 essere dedicata ai Pisus\u201d. A chiudere il dibattito il capogruppo del Pdl Fernando Picerno, secondo il quale \u201cpotremo giudicare l\u2019operato del nuovo presidente dai fatti, anche se la tenacia del presidente Papa rappresenta un buon punto di partenza, per esempio per comprendere come mai ancora non si sia provveduto allo spostamento del mercato di via Vespucci\u201d.<\/p>\n","protected":false},"excerpt":{"rendered":"<p>Alla presenza del presidente del Consiglio comunale Vincenzo Santangelo si \u00e8 svolta la seduta di insediamento del nuovo presidente della Va Commissione consiliare permanente Sebastiano &#8230; <\/p>\n","protected":false},"author":1,"featured_media":0,"comment_status":"closed","ping_status":"closed","sticky":false,"template":"single-sidebar.php","format":"standard","meta":{"footnotes":""},"categories":[63],"tags":[],"class_list":["post-4778","post","type-post","status-publish","format-standard","hentry","category-news"],"_links":{"self":[{"href":"https:\/\/archivio.comune.potenza.it\/index.php?rest_route=\/wp\/v2\/posts\/4778"}],"collection":[{"href":"https:\/\/archivio.comune.potenza.it\/index.php?rest_route=\/wp\/v2\/posts"}],"about":[{"href":"https:\/\/archivio.comune.potenza.it\/index.php?rest_route=\/wp\/v2\/types\/post"}],"author":[{"embeddable":true,"href":"https:\/\/archivio.comune.potenza.it\/index.php?rest_route=\/wp\/v2\/users\/1"}],"replies":[{"embeddable":true,"href":"https:\/\/archivio.comune.potenza.it\/index.php?rest_route=%2Fwp%2Fv2%2Fcomments&post=4778"}],"version-history":[{"count":0,"href":"https:\/\/archivio.comune.potenza.it\/index.php?rest_route=\/wp\/v2\/posts\/4778\/revisions"}],"wp:attachment":[{"href":"https:\/\/archivio.comune.potenza.it\/index.php?rest_route=%2Fwp%2Fv2%2Fmedia&parent=4778"}],"wp:term":[{"taxonomy":"category","embeddable":true,"href":"https:\/\/archivio.comune.potenza.it\/index.php?rest_route=%2Fwp%2Fv2%2Fcategories&post=4778"},{"taxonomy":"post_tag","embeddable":true,"href":"https:\/\/archivio.comune.potenza.it\/index.php?rest_route=%2Fwp%2Fv2%2Ftags&post=4778"}],"curies":[{"name":"wp","href":"https:\/\/api.w.org\/{rel}","templated":true}]}}