{"id":4781,"date":"2012-03-21T12:33:44","date_gmt":"2012-03-21T11:33:44","guid":{"rendered":"http:\/\/archivio.comune.potenza.it\/comune_wp\/?p=4781"},"modified":"2012-03-21T12:33:44","modified_gmt":"2012-03-21T11:33:44","slug":"nodo-del-gallitello-in-vi-commissione","status":"publish","type":"post","link":"https:\/\/archivio.comune.potenza.it\/?p=4781","title":{"rendered":"Nodo del Gallitello in VI Commissione"},"content":{"rendered":"<p style=\"text-align: justify;\">\u201c<span style=\"font-family: arial,helvetica,sans-serif;\"><span style=\"font-size: small;\">La Commissione ha inteso organizzare un incontro sui lavori che si stanno eseguendo sul Nodo complesso del Gallitello con il direttore dei lavori l\u2019ingegner Pasquale Lanzi per definire lo stato dell\u2019arte\u201d \u2013 ha detto il presidente della VI Commissione consiliare permanente, Antonio Losasso. \u201cLa posa in opera della trave in ferro lunga circa 50 metri, che superer\u00e0 i ritrovamenti archeologici, \u00e8 prevista entro i prossimi 5 mesi, la trave \u00e8 gi\u00e0 stata commissionata ed \u00e8 in fase di realizzazione. I lavori stanno procedendo, \u2013 spiega l\u2019assessore alla Viabilit\u00e0 Antonio Pesarini, presente alla seduta, \u2013 i termini per l\u2019ultimazione dei lavori scadono ad agosto 2012, nel caso l\u2019impresa anticipi la consegna sono previste premialit\u00e0, qualora i termini non fossero rispettati la stessa incorrer\u00e0 nelle penalizzazioni previste contrattualmente\u201d. L\u2019assessore ha annunciato un incontro nei prossimi giorni tra i vertici dell\u2019Amministrazione comunale e quelli dell\u2019impresa.<\/span><\/span><\/p>\n","protected":false},"excerpt":{"rendered":"<p>\u201cLa Commissione ha inteso organizzare un incontro sui lavori che si stanno eseguendo sul Nodo complesso del Gallitello con il direttore dei lavori l\u2019ingegner Pasquale &#8230; <\/p>\n","protected":false},"author":1,"featured_media":0,"comment_status":"closed","ping_status":"closed","sticky":false,"template":"single-sidebar.php","format":"standard","meta":{"footnotes":""},"categories":[63],"tags":[],"class_list":["post-4781","post","type-post","status-publish","format-standard","hentry","category-news"],"_links":{"self":[{"href":"https:\/\/archivio.comune.potenza.it\/index.php?rest_route=\/wp\/v2\/posts\/4781"}],"collection":[{"href":"https:\/\/archivio.comune.potenza.it\/index.php?rest_route=\/wp\/v2\/posts"}],"about":[{"href":"https:\/\/archivio.comune.potenza.it\/index.php?rest_route=\/wp\/v2\/types\/post"}],"author":[{"embeddable":true,"href":"https:\/\/archivio.comune.potenza.it\/index.php?rest_route=\/wp\/v2\/users\/1"}],"replies":[{"embeddable":true,"href":"https:\/\/archivio.comune.potenza.it\/index.php?rest_route=%2Fwp%2Fv2%2Fcomments&post=4781"}],"version-history":[{"count":0,"href":"https:\/\/archivio.comune.potenza.it\/index.php?rest_route=\/wp\/v2\/posts\/4781\/revisions"}],"wp:attachment":[{"href":"https:\/\/archivio.comune.potenza.it\/index.php?rest_route=%2Fwp%2Fv2%2Fmedia&parent=4781"}],"wp:term":[{"taxonomy":"category","embeddable":true,"href":"https:\/\/archivio.comune.potenza.it\/index.php?rest_route=%2Fwp%2Fv2%2Fcategories&post=4781"},{"taxonomy":"post_tag","embeddable":true,"href":"https:\/\/archivio.comune.potenza.it\/index.php?rest_route=%2Fwp%2Fv2%2Ftags&post=4781"}],"curies":[{"name":"wp","href":"https:\/\/api.w.org\/{rel}","templated":true}]}}