{"id":4783,"date":"2012-03-21T12:58:54","date_gmt":"2012-03-21T11:58:54","guid":{"rendered":"http:\/\/archivio.comune.potenza.it\/comune_wp\/?p=4783"},"modified":"2012-03-21T12:58:54","modified_gmt":"2012-03-21T11:58:54","slug":"piazza-prefetturail-26-iniziano-i-lavori","status":"publish","type":"post","link":"https:\/\/archivio.comune.potenza.it\/?p=4783","title":{"rendered":"Piazza Prefettura:il 26 iniziano i lavori"},"content":{"rendered":"<p style=\"text-align: justify;\"><span style=\"font-family: arial,helvetica,sans-serif;\"><span style=\"font-size: small;\"><img loading=\"lazy\" decoding=\"async\" src=\"multimediali\/immagini\/News\/2012\/03\/la piazza che verr.jpg\" border=\"0\" width=\"481\" height=\"421\" style=\"margin: 10px; float: left;\" \/>Inizieranno\u00a0 luned\u00ec 26 marzo i lavori di riqualificazione di Piazza Prefettura. La notizia era stata gi\u00e0 comunicata alle associazioni culturali che partecipano alle iniziative per la festivit\u00e0 del Santo Patrono. In ogni caso i lavori a Piazza Prefettura non inficeranno lo svolgimento della Storica Parata dei Turchi che si terr\u00e0 regolarmente. Per quanto riguarda gli altri eventi saranno individuati altri siti dove poterli realizzare. \u201cEra necessario far partire i lavori da tempo richiesti sia dai residenti che dai commercianti \u2013fanno sapere dall\u2019Ufficio Qualit\u00e0 Urbana- in quanto firmando il contratto la ditta aggiudicataria deve rispettare i tempi di consegna dell\u2019opera, fissati in 180 giorni.\u201dL\u2019intervento a Piazza Prefettura prevede un rimodellamento delle quote altimetriche della piazza in modo da ottimizzare il rapporto funzionale con le aree di bordo ad allo stesso tempo correggere rapporti e riferimenti con i fabbricati prospicienti. La nuova configurazione delle quote altimetriche \u00e8 riferita anche al progetto del deflusso e raccolta delle acque piovane, per conseguire un immediato smaltimento delle stesse nei punti convenuti. Il disegno della pavimentazione \u00e8 contrassegnato dalla tessitura di materiali e colori differenti, relativi alle diverse tipologie di pietrame utilizzate. Il progetto prevede anche la messa a dimora di piante ad alto fusto ed un nuovo sistema luminoso. Il nuovo progetto di piazza Prefettura \u00e8 stato condiviso, prima di procedere alla gara di appalto, con il\u00a0 comitato di quartiere del Centro storico, con i commercianti della zona e le associazioni di categoria dei commercianti, cos\u00ec come rimodulato tenendo conto di quanto emerso nei ripetuti e confronti con la citt\u00e0 e secondo le indicazioni espresse dalla Soprintendenza. Il precedente progetto (redatto sempre da un gruppo di progettisti guidati da Gae Aulenti e rappresentati a Potenza dall\u2019architetto Antonio Maroscia), non aveva suscitato grande approvazione forse anche per i troppi elementi innovativi che conteneva.Nel nuovo progetto \u00e8 stata eliminata la differenza di quota originariamente proposta nel progetto preliminare fra Via Pretoria e il Palazzo della Prefettura, adagiando il nuovo disegno di pavimentazione sulle quote esistenti. Un\u00a0 margine della piazza, dal lato opposto del Teatro, \u00e8 caratterizzato da un filare di alberi sempre verdi. La macchia di verde determina una nuova e comoda area di sosta, attrezzata con panchine\u00a0 e protetta dall\u2019irraggiamento solare. <strong><span style=\"text-decoration: underline;\">Le vasche e le fontane indicate nel precedente progetto sono state eliminate<\/span><\/strong>. Questa nuova soluzione consente di utilizzare una maggiore superficie per lo spazio dedicato alla piazza e quindi a tutti gli eventi possibili. Le ortogonalit\u00e0 tracciate sulla pavimentazione definita da pietre dei colore differente (grigio e sabbia) sono prolungate verso il Palazzo della Prefettura esaltando l\u2019ingresso principale dello stesso. Il progetto prevede anche la necessit\u00e0 di mettere in opera elementi dissuasori fissi e mobili (a pistone idraulico) per bloccare qualsiasi accessibilit\u00e0 del mezzo veicolare privato nell\u2019area della piazza.\u00a0 Verranno inoltre rimossi gli attuali lampioni in ghisa e sfere che verranno sostituiti da corpi illuminanti.<\/span><\/span><\/p>\n","protected":false},"excerpt":{"rendered":"<p>Inizieranno\u00a0 luned\u00ec 26 marzo i lavori di riqualificazione di Piazza Prefettura. La notizia era stata gi\u00e0 comunicata alle associazioni culturali che partecipano alle iniziative per &#8230; <\/p>\n","protected":false},"author":1,"featured_media":0,"comment_status":"closed","ping_status":"closed","sticky":false,"template":"single-sidebar.php","format":"standard","meta":{"footnotes":""},"categories":[63],"tags":[],"class_list":["post-4783","post","type-post","status-publish","format-standard","hentry","category-news"],"_links":{"self":[{"href":"https:\/\/archivio.comune.potenza.it\/index.php?rest_route=\/wp\/v2\/posts\/4783"}],"collection":[{"href":"https:\/\/archivio.comune.potenza.it\/index.php?rest_route=\/wp\/v2\/posts"}],"about":[{"href":"https:\/\/archivio.comune.potenza.it\/index.php?rest_route=\/wp\/v2\/types\/post"}],"author":[{"embeddable":true,"href":"https:\/\/archivio.comune.potenza.it\/index.php?rest_route=\/wp\/v2\/users\/1"}],"replies":[{"embeddable":true,"href":"https:\/\/archivio.comune.potenza.it\/index.php?rest_route=%2Fwp%2Fv2%2Fcomments&post=4783"}],"version-history":[{"count":0,"href":"https:\/\/archivio.comune.potenza.it\/index.php?rest_route=\/wp\/v2\/posts\/4783\/revisions"}],"wp:attachment":[{"href":"https:\/\/archivio.comune.potenza.it\/index.php?rest_route=%2Fwp%2Fv2%2Fmedia&parent=4783"}],"wp:term":[{"taxonomy":"category","embeddable":true,"href":"https:\/\/archivio.comune.potenza.it\/index.php?rest_route=%2Fwp%2Fv2%2Fcategories&post=4783"},{"taxonomy":"post_tag","embeddable":true,"href":"https:\/\/archivio.comune.potenza.it\/index.php?rest_route=%2Fwp%2Fv2%2Ftags&post=4783"}],"curies":[{"name":"wp","href":"https:\/\/api.w.org\/{rel}","templated":true}]}}