{"id":4795,"date":"2012-03-22T17:05:50","date_gmt":"2012-03-22T16:05:50","guid":{"rendered":"http:\/\/archivio.comune.potenza.it\/comune_wp\/?p=4795"},"modified":"2012-03-22T17:05:50","modified_gmt":"2012-03-22T16:05:50","slug":"piazza-prefetturalamministrazione-su-polemiche-per-eventi-festivita-santo-patrono","status":"publish","type":"post","link":"https:\/\/archivio.comune.potenza.it\/?p=4795","title":{"rendered":"Piazza Prefettura:l&#8217;Amministrazione su polemiche per eventi festivit\u00e0 Santo Patrono"},"content":{"rendered":"<p style=\"text-align: justify;\"><span style=\"font-family: arial,helvetica,sans-serif;\"><span style=\"font-size: small;\">In riferimento alle polemiche di questi giorni sull\u2019inizio dei lavori in piazza Prefettura\u00a0 il dirigente dell\u2019Ufficio Qualit\u00e0 Urbana arch. <strong>Giancarlo Grano<\/strong> ed il responsabile del procedimento <strong>Pino Brindisi<\/strong> precisano che \u201cla gara per la realizzazione dei lavori in questione \u00e8 stata effettuata da mesi e che la ditta aggiudicataria, dopo varie sollecitazioni, ha presentato con notevole ritardo tutta la documentazione necessaria firmando il contratto solo pochi giorni fa. La tempistica contrattuale coincidente con quella dei finanziamenti europei ha reso improcrastinabile l\u2019inizio dei lavori. Il ritardare o posticipare a dopo la festivit\u00e0 di San Gerardo l\u2019avvio dei lavori comporterebbe di fatto \u00a0il non rispetto dei tempi, l\u2019automatica perdita dei finanziamenti nonch\u00e9 una possibile richiesta di danni da parte della ditta. L\u2019intervento di Piazza Prefettura, trattandosi di un\u2019area di particolare pregio e sensibilit\u00e0, sar\u00e0 seguito con particolare attenzione. L\u2019intervento \u00e8 stato progettato da un gruppo di professionisti potentini, coordinati da un nome importante dell\u2019architettura internazionale quale \u00e8 Gae Aulenti, aggiudicatari di un pubblico bando di progettazione.I tempi contrattuali prevedono formalmente l\u2019ultimazione dell\u2019opera entro 180 giorni a partire da luned\u00ec prossimo 26 marzo. L\u2019Ufficio incaricato dall\u2019Amministrazione e la direzione dei lavori, su mandato dell\u2019Esecutivo, stanno gi\u00e0 verificando le modalit\u00e0 per ridurre tale tempistica prevedendo \u00a0anche orari continuativi ed eventualmente notturni nel rispetto delle vigenti norme sindacali ed in materia di inquinamento acustico. In merito ci \u00e8 stata gi\u00e0 offerta una disponibilit\u00e0 da parte della ditta.\u201d<br \/>L\u2019arch.<strong>Antonio Maroscia<\/strong>, referente del Capogruppo arch. Gae Aulenti precisa che \u201c i lavori saranno eseguiti nel pieno rispetto del progetto con adeguata maestranza. Il materiale di risulta della piazza sar\u00e0 depositato in magazzini comunali per essere riutilizzato eventualmente in altre situazioni. La riqualificazione di una piazza in una citt\u00e0 ed in un tessuto storicizzato \u00e8 proprio l\u2019operazione di definire con esattezza uno spazio pubblico. Non \u00e8 una semplice operazione di maquillage, non basta realizzare un intervento di qualit\u00e0, con materiali idonei e selezionati perch\u00e9 il progetto risulti significativo, ma serve un\u2019idea del luogo strategica e condivisa.<br \/>Per questo l\u2019intervento non si accontenta di ridisegnare uno spazio ma ristabilisce una gerarchia fra gli edifici che si affacciano sulla piazza e ridefinisce il significato dei tracciati carrabili e pedonali, esaltandone alcuni, minimizzando l\u2019impatto di altri e condizionandoli ad una nuova lettura delle emergenze storico e monumentali e dei nuovi significati degli stessi percorsi. Il progetto, ripensa lo spazio urbano non in termini estetizzanti, n\u00e9 di originalit\u00e0 a tutti i costi, ma con la necessit\u00e0 di attribuire al luogo un disegno significativo strategico per nuovi quadri prospettici, capaci di definire un\u2019identit\u00e0 pi\u00f9 forte del luogo.<br \/>Il nuovo spazio della piazza \u2013 conclude Maroscia- potr\u00e0 essere usato per gli eventi che normalmente vi si svolgevano (manifestazioni, comizi, sagre ed altre iniziative di richiamo), ma potr\u00e0 anche essere meglio usato per nuove funzioni come serate danzanti ed iniziative di richiamo. Inoltre la presenza di alberi che definiscono zone ombreggiate dove sono state pensate panchine per la sosta, potranno favorire quella sosta e quella socializzazione che oggi avviene solo ai margini.\u201d<br \/>\u201cL\u2019Amministrazione comunale di Potenza \u2013dice il Sindaco <strong>Vito Santarsiero<\/strong>&#8211; \u00a0considera l\u2019intervento di Piazza Prefettura strategico nel programma di riqualificazione pi\u00f9 vasto che ha interessato l\u2019intera citt\u00e0. Non possiamo correre il rischio di perdere i finanziamenti e l\u2019opera sar\u00e0 realizzata nel pi\u00f9 breve tempo possibile.<br \/>La qualit\u00e0 dei progettisti e la consultazione pubblica che ha accompagnato la definizione del progetto ci danno inoltre la garanzia di avere da qui a breve una piazza ancor pi\u00f9 bella, funzionale e degna del nostro Centro storico.\u201d<br \/>In ordine alla presa di posizione dei \u201cPortatori del Santo\u201d Santarsiero ha precisato che \u201cl\u2019Amministrazione comunale di Potenza ha sempre condiviso, sostenuto e patrocinato le iniziative dei Portatori. La stessa location di Piazza Prefettura, in alternativa a quella originaria di Piazza Pignatari, \u00e8 stata favorita da tutta l\u2019Amministrazione comunale e dal Sindaco in primis.<br \/>I risultati entusiasmanti sono di tutti \u2013 continua- ed abbiamo sempre sottolineato che l\u2019azione congiunta \u00e8 determinante per la migliore riuscita della Festa del Santo Patrono.<br \/>Nei prossimi giorni in un incontro con le Associazioni valuteremo le migliori soluzioni per garantire comunque le manifestazioni della \u201csettimana del Santo\u201d.<br \/>Dobbiamo evitare scontri e strumentalizzazioni\u00a0 che non aiutano la citt\u00e0. La riqualificazione della piazza \u00e8 un momento di crescita, cos\u00ec come le importanti iniziative dei Portatori e delle altre Associazioni, cos\u00ec come lo \u00e8 il rafforzare la Parata dei Turchi, gi\u00e0 \u201cPatrimonio d\u2019Italia\u201d, che quest\u2019anno \u2013conclude Santarsiero- sar\u00e0 sempre pi\u00f9 al centro del Maggio Potentino con mostre varie e convegni.\u201d<\/span><\/span><\/p>\n<p style=\"text-align: justify;\"><span style=\"font-family: arial,helvetica,sans-serif;\"><span style=\"font-size: small;\">\u00a0<\/span><\/span><\/p>\n<p>\u00a0<\/p>\n<p>\u00a0<\/p>\n","protected":false},"excerpt":{"rendered":"<p>In riferimento alle polemiche di questi giorni sull\u2019inizio dei lavori in piazza Prefettura\u00a0 il dirigente dell\u2019Ufficio Qualit\u00e0 Urbana arch. Giancarlo Grano ed il responsabile del &#8230; <\/p>\n","protected":false},"author":1,"featured_media":0,"comment_status":"closed","ping_status":"closed","sticky":false,"template":"single-sidebar.php","format":"standard","meta":{"footnotes":""},"categories":[63],"tags":[],"class_list":["post-4795","post","type-post","status-publish","format-standard","hentry","category-news"],"_links":{"self":[{"href":"https:\/\/archivio.comune.potenza.it\/index.php?rest_route=\/wp\/v2\/posts\/4795"}],"collection":[{"href":"https:\/\/archivio.comune.potenza.it\/index.php?rest_route=\/wp\/v2\/posts"}],"about":[{"href":"https:\/\/archivio.comune.potenza.it\/index.php?rest_route=\/wp\/v2\/types\/post"}],"author":[{"embeddable":true,"href":"https:\/\/archivio.comune.potenza.it\/index.php?rest_route=\/wp\/v2\/users\/1"}],"replies":[{"embeddable":true,"href":"https:\/\/archivio.comune.potenza.it\/index.php?rest_route=%2Fwp%2Fv2%2Fcomments&post=4795"}],"version-history":[{"count":0,"href":"https:\/\/archivio.comune.potenza.it\/index.php?rest_route=\/wp\/v2\/posts\/4795\/revisions"}],"wp:attachment":[{"href":"https:\/\/archivio.comune.potenza.it\/index.php?rest_route=%2Fwp%2Fv2%2Fmedia&parent=4795"}],"wp:term":[{"taxonomy":"category","embeddable":true,"href":"https:\/\/archivio.comune.potenza.it\/index.php?rest_route=%2Fwp%2Fv2%2Fcategories&post=4795"},{"taxonomy":"post_tag","embeddable":true,"href":"https:\/\/archivio.comune.potenza.it\/index.php?rest_route=%2Fwp%2Fv2%2Ftags&post=4795"}],"curies":[{"name":"wp","href":"https:\/\/api.w.org\/{rel}","templated":true}]}}