{"id":4797,"date":"2012-03-23T11:18:59","date_gmt":"2012-03-23T10:18:59","guid":{"rendered":"http:\/\/archivio.comune.potenza.it\/comune_wp\/?p=4797"},"modified":"2012-03-23T11:18:59","modified_gmt":"2012-03-23T10:18:59","slug":"bosco-piccolo-interviene-il-consigliere-summa","status":"publish","type":"post","link":"https:\/\/archivio.comune.potenza.it\/?p=4797","title":{"rendered":"Bosco Piccolo, interviene il consigliere Summa"},"content":{"rendered":"<p style=\"text-align: justify;\"><span style=\"font-family: arial,helvetica,sans-serif;\"><span style=\"font-size: small;\">Il Consigliere Summa chiede un&#8217;audizione dell&#8217;Assessore Lovallo sulla vicenda Bosco Piccolo.\u00a0Il\u00a0 consigliere comunale DeC (Democratici e Cattolici ) ha formalmente esplicitato la richiesta a Sebastiano Papa presidente della quinta commissione (programmazione e sviluppo economico, attivit\u00e0 produttive, turismo, formazione e lavoro , ricostruzione, protezione civile) al Comune di Potenza. L&#8217;incontro con Nicola Lovallo, assessore all&#8217;Ambiente, Protezione Civile e Ricostruzione\u00a0\u00e8 necessario dice Summa per conoscere lo stato attuale della situazione inerente a Bosco Piccolo in conseguenza del movimento franoso del febbraio del 2005 e al successivo sgombero di alcune famiglie del luogo. A tal proposito Summa aggiunge \u00ecimportante\u00a0\u00e8 fare il punto della situazione con l&#8217;assessore Lovallo e continuare a monitorare, cos\u00ec come gi\u00e0 l&#8217;amministrazione comunale fa da tempo nella vicenda di Bosco Piccolo. Nel contempo, il tavolo della concertazione conclude poi Summa si costituisce per rendere note le soluzioni apportate proprio dall&#8217;assessore Lovallo che verranno rese fattibili nel minor tempo possibile.<\/p>\n<p><\/span><\/span><\/p>\n","protected":false},"excerpt":{"rendered":"<p>Il Consigliere Summa chiede un&#8217;audizione dell&#8217;Assessore Lovallo sulla vicenda Bosco Piccolo.\u00a0Il\u00a0 consigliere comunale DeC (Democratici e Cattolici ) ha formalmente esplicitato la richiesta a Sebastiano &#8230; <\/p>\n","protected":false},"author":1,"featured_media":0,"comment_status":"closed","ping_status":"closed","sticky":false,"template":"single-sidebar.php","format":"standard","meta":{"footnotes":""},"categories":[63],"tags":[],"class_list":["post-4797","post","type-post","status-publish","format-standard","hentry","category-news"],"_links":{"self":[{"href":"https:\/\/archivio.comune.potenza.it\/index.php?rest_route=\/wp\/v2\/posts\/4797"}],"collection":[{"href":"https:\/\/archivio.comune.potenza.it\/index.php?rest_route=\/wp\/v2\/posts"}],"about":[{"href":"https:\/\/archivio.comune.potenza.it\/index.php?rest_route=\/wp\/v2\/types\/post"}],"author":[{"embeddable":true,"href":"https:\/\/archivio.comune.potenza.it\/index.php?rest_route=\/wp\/v2\/users\/1"}],"replies":[{"embeddable":true,"href":"https:\/\/archivio.comune.potenza.it\/index.php?rest_route=%2Fwp%2Fv2%2Fcomments&post=4797"}],"version-history":[{"count":0,"href":"https:\/\/archivio.comune.potenza.it\/index.php?rest_route=\/wp\/v2\/posts\/4797\/revisions"}],"wp:attachment":[{"href":"https:\/\/archivio.comune.potenza.it\/index.php?rest_route=%2Fwp%2Fv2%2Fmedia&parent=4797"}],"wp:term":[{"taxonomy":"category","embeddable":true,"href":"https:\/\/archivio.comune.potenza.it\/index.php?rest_route=%2Fwp%2Fv2%2Fcategories&post=4797"},{"taxonomy":"post_tag","embeddable":true,"href":"https:\/\/archivio.comune.potenza.it\/index.php?rest_route=%2Fwp%2Fv2%2Ftags&post=4797"}],"curies":[{"name":"wp","href":"https:\/\/api.w.org\/{rel}","templated":true}]}}