{"id":4806,"date":"2012-03-24T16:27:37","date_gmt":"2012-03-24T15:27:37","guid":{"rendered":"http:\/\/archivio.comune.potenza.it\/comune_wp\/?p=4806"},"modified":"2012-03-24T16:27:37","modified_gmt":"2012-03-24T15:27:37","slug":"molinari-opp-su-nodo-complesso-gallitello","status":"publish","type":"post","link":"https:\/\/archivio.comune.potenza.it\/?p=4806","title":{"rendered":"Molinari (Opp) su Nodo Complesso Gallitello"},"content":{"rendered":"<p class=\"s4\" style=\"margin-top: 0px; margin-bottom: 10px; text-align: center;\">\n<div style=\"text-align: -webkit-auto;\"><span style=\"line-height: 21px; -webkit-tap-highlight-color: rgba(26, 26, 26, 0.292969); -webkit-composition-fill-color: rgba(175, 192, 227, 0.230469); -webkit-composition-frame-color: rgba(77, 128, 180, 0.230469);\">\u00a0<\/span><\/div>\n<\/p>\n<p class=\"s6\" style=\"margin-top: 0px; margin-bottom: 0px; line-height: 1.38; text-align: justify;\"><span class=\"s3\" style=\"line-height: 14px; font-family: Verdana; font-size: 12px;\">Diversamente da quanto affermato <\/span><span class=\"s3\" style=\"line-height: 14px; font-family: Verdana; font-size: 12px;\">nei giorni corsi<\/span><span class=\"s3\" style=\"line-height: 14px; font-family: Verdana; font-size: 12px;\"> ci sembra vi sia nella vicenda giudiziaria che interessa i fratelli De Gennaro pi\u00f9 di un motivo di preoccupazione per l\u2019andamento ed il completamento, nei tempi previsti, <\/span><span class=\"s3\" style=\"line-height: 14px; font-family: Verdana; font-size: 12px;\">del Nodo complesso del Gallitello. Recentemente<\/span><span class=\"s3\" style=\"line-height: 14px; font-family: Verdana; font-size: 12px;\">, inoltre, si \u00e8 appresa<\/span><span class=\"s3\" style=\"line-height: 14px; font-family: Verdana; font-size: 12px;\"> la notizia<\/span><span class=\"s3\" style=\"line-height: 14px; font-family: Verdana; font-size: 12px;\">riportata dalla stampa circa la<\/span><span class=\"s3\" style=\"line-height: 14px; font-family: Verdana; font-size: 12px;\"> riflessione del sindaco<\/span><span class=\"s3\" style=\"line-height: 14px; font-family: Verdana; font-size: 12px;\"> di Potenza<\/span><span class=\"s3\" style=\"line-height: 14px; font-family: Verdana; font-size: 12px;\"> sulla possibilit\u00e0 di revocare i lavori all\u2019impresa De Gennaro<\/span><span class=\"s3\" style=\"line-height: 14px; font-family: Verdana; font-size: 12px;\">,<\/span><span class=\"s3\" style=\"line-height: 14px; font-family: Verdana; font-size: 12px;\"> vincitrice dell\u2019appalto per la realizzazione della grande opera pubblica&#8221;.<\/span><\/p>\n<p class=\"s6\" style=\"margin-top: 0px; margin-bottom: 0px; line-height: 1.38; text-align: justify;\"><span style=\"line-height: 21px;\">\u00a0<\/span><\/p>\n<p class=\"s6\" style=\"margin-top: 0px; margin-bottom: 0px; line-height: 1.38; text-align: justify;\"><span class=\"s3\" style=\"line-height: 14px; font-family: Verdana; font-size: 12px;\">Cos\u00ec il consigliere comunale di Potenza Giuseppe Molinari commenta e riporta quanto emerso dall\u2019audizione, da lui richiesta, in VI commissione dell\u2019assessore alla viabilit\u00e0 Antonio Pesarini e dell\u2019ingeg<\/span><span class=\"s3\" style=\"line-height: 14px; font-family: Verdana; font-size: 12px;\">nere Pasquale Lanzi direttore<\/span><span class=\"s3\" style=\"line-height: 14px; font-family: Verdana; font-size: 12px;\"> dei lavori per il nodo complesso di Via del Gallitello su cui si sono accesi i riflettori dopo le notizie relative alle indagini che riguardano la societ\u00e0 pugliese a cui <\/span><span class=\"s3\" style=\"line-height: 14px; font-family: Verdana; font-size: 12px;\">\u00e8 stata affidata la realizzazione dell\u2019opera.<\/span><\/p>\n<p class=\"s6\" style=\"margin-top: 0px; margin-bottom: 0px; line-height: 1.38; text-align: justify;\"><span style=\"line-height: 21px;\">\u00a0<\/span><\/p>\n<p class=\"s6\" style=\"margin-top: 0px; margin-bottom: 0px; line-height: 1.38; text-align: justify;\"><span class=\"s3\" style=\"line-height: 14px; font-family: Verdana; font-size: 12px;\">\u201c<\/span><span class=\"s3\" style=\"line-height: 14px; font-family: Verdana; font-size: 12px;\">Non <\/span><span class=\"s3\" style=\"line-height: 14px; font-family: Verdana; font-size: 12px;\">sono state <\/span><span class=\"s3\" style=\"line-height: 14px; font-family: Verdana; font-size: 12px;\">certo rassicuranti le paro<\/span><span class=\"s3\" style=\"line-height: 14px; font-family: Verdana; font-size: 12px;\">le dell\u2019ingegner<\/span><span class=\"s3\" style=\"line-height: 14px; font-family: Verdana; font-size: 12px;\">e<\/span><span class=\"s3\" style=\"line-height: 14px; font-family: Verdana; font-size: 12px;\"> Pasquale Lanzi <\/span><span class=\"s3\" style=\"line-height: 14px; font-family: Verdana; font-size: 12px;\">che pur<\/span><span class=\"s3\" style=\"line-height: 14px; font-family: Verdana; font-size: 12px;\"> <\/span><span class=\"s3\" style=\"line-height: 14px; font-family: Verdana; font-size: 12px;\">confermando<\/span><span class=\"s3\" style=\"line-height: 14px; font-family: Verdana; font-size: 12px;\"> \u2013continua Molinari-<\/span><span class=\"s3\" style=\"line-height: 14px; font-family: Verdana; font-size: 12px;\"> come data u<\/span><span class=\"s3\" style=\"line-height: 14px; font-family: Verdana; font-size: 12px;\">ltima per la consegna dell\u2019opera<\/span><span class=\"s3\" style=\"line-height: 14px; font-family: Verdana; font-size: 12px;\"> il prossimo 31 agosto 2012, diversamente saranno applicate all\u2019impresa le penalizzazioni previste contrattualmente, ha dovuto evidenziare che c\u2019\u00e8 stato un rallentamento dei lavori dovuto sia alle copiose nevicate sia alla manca<\/span><span class=\"s3\" style=\"line-height: 14px; font-family: Verdana; font-size: 12px;\">nza di organizzazione<\/span><span class=\"s3\" style=\"line-height: 14px; font-family: Verdana; font-size: 12px;\"> da parte dell\u2019impresa. L\u2019ingegner<\/span><span class=\"s3\" style=\"line-height: 14px; font-family: Verdana; font-size: 12px;\">e<\/span><span class=\"s3\" style=\"line-height: 14px; font-family: Verdana; font-size: 12px;\"> Lanzi ha<\/span><span class=\"s3\" style=\"line-height: 14px; font-family: Verdana; font-size: 12px;\">comunicato alla commissione che d<\/span><span class=\"s3\" style=\"line-height: 14px; font-family: Verdana; font-size: 12px;\">a qualche<\/span><span class=\"s3\" style=\"line-height: 14px; font-family: Verdana; font-size: 12px;\"> settimana<\/span><span class=\"s3\" style=\"line-height: 14px; font-family: Verdana; font-size: 12px;\"> i lavori sono fermi, poich\u00e9 l\u2019impresa non ha ancora organizzato la squadra di carpentieri necessaria alla costruzione degli ultimi tre pilastri di<\/span><span class=\"s3\" style=\"line-height: 14px; font-family: Verdana; font-size: 12px;\"> appoggio dell\u2019impalcato.<\/span><span class=\"s3\" style=\"line-height: 14px; font-family: Verdana; font-size: 12px;\">Molte travi essenziali alla conclusione dei lavori, sono state gi\u00e0 costruite e sono attualmente depositate n<\/span><span class=\"s3\" style=\"line-height: 14px; font-family: Verdana; font-size: 12px;\">ei magazzini della societ\u00e0 Inpes<\/span><span class=\"s3\" style=\"line-height: 14px; font-family: Verdana; font-size: 12px;\">. La trave di acciaio di circa 50 metri, che permetter\u00e0 il superamento dei ritrovamenti archeologici, \u00e8 stata gi\u00e0 commissionata con la garanzia di produzione in circa 140 giorni.<\/span><span class=\"s3\" style=\"line-height: 14px; font-family: Verdana; font-size: 12px;\"> <\/span><span class=\"s3\" style=\"line-height: 14px; font-family: Verdana; font-size: 12px;\">Lanzi<\/span><span class=\"s3\" style=\"line-height: 14px; font-family: Verdana; font-size: 12px;\">ha concluso annunciando che \u00e8 stato comunicato all\u2019impresa il ritardo evidenziatosi in particolare per alcuni punti di realizzazione del progetto\u201d<\/span><span class=\"s3\" style=\"line-height: 14px; font-family: Verdana; font-size: 12px;\">.<\/span><\/p>\n<p class=\"s6\" style=\"margin-top: 0px; margin-bottom: 0px; line-height: 1.38; text-align: justify;\"><span style=\"line-height: 21px;\">\u00a0<\/span><\/p>\n<p class=\"s6\" style=\"margin-top: 0px; margin-bottom: 0px; line-height: 1.38; text-align: justify;\"><span class=\"s3\" style=\"line-height: 14px; font-family: Verdana; font-size: 12px;\">\u201cCome gi\u00e0 ho fatto presente in sede di commissione \u2013evidenzia Molinari-<\/span><span class=\"s3\" style=\"line-height: 14px; font-family: Verdana; font-size: 12px;\">bisogna muoversi rapidamente per avere maggiori informazioni sulla ditta appaltatrice, su tutte le imprese subappaltatrici p<\/span><span class=\"s3\" style=\"line-height: 14px; font-family: Verdana; font-size: 12px;\">resenti e sul numero di<\/span><span class=\"s3\" style=\"line-height: 14px; font-family: Verdana; font-size: 12px;\"> operai impegnati <\/span><span class=\"s3\" style=\"line-height: 14px; font-family: Verdana; font-size: 12px;\">ne<\/span><span class=\"s3\" style=\"line-height: 14px; font-family: Verdana; font-size: 12px;\">i cantieri. <\/span><span class=\"s3\" style=\"line-height: 14px; font-family: Verdana; font-size: 12px;\">Rispondendomi l\u2019ingegner<\/span><span class=\"s3\" style=\"line-height: 14px; font-family: Verdana; font-size: 12px;\">e<\/span><span class=\"s3\" style=\"line-height: 14px; font-family: Verdana; font-size: 12px;\"> Lanzi ha spiegato che i lavori sono stati subappaltati ad altre imprese, dal responsabile del procedimento, per un importo non superiore al 30%. Non \u00e8 possibile, ha poi affermato, dare almeno in questa sede dati certi sulle ditte subappaltatrici perch\u00e9 si sono rinnovate nel tempo<\/span><span class=\"s3\" style=\"line-height: 14px; font-family: Verdana; font-size: 12px;\"> ma che dovrebbero essere almeno cinque<\/span><span class=\"s3\" style=\"line-height: 14px; font-family: Verdana; font-size: 12px;\">. L\u2019unica opera r<\/span><span class=\"s3\" style=\"line-height: 14px; font-family: Verdana; font-size: 12px;\">ealizzata interamente con personale assunto<\/span><span class=\"s3\" style=\"line-height: 14px; font-family: Verdana; font-size: 12px;\"> \u00e8 la galleria<\/span><span class=\"s3\" style=\"line-height: 14px; font-family: Verdana; font-size: 12px;\">. L<\/span><span class=\"s3\" style=\"line-height: 14px; font-family: Verdana; font-size: 12px;\">\u2019ingegner<\/span><span class=\"s3\" style=\"line-height: 14px; font-family: Verdana; font-size: 12px;\">e<\/span><span class=\"s3\" style=\"line-height: 14px; font-family: Verdana; font-size: 12px;\"> Lanzi, du<\/span><span class=\"s3\" style=\"line-height: 14px; font-family: Verdana; font-size: 12px;\">nque, \u00e8 sembrato preoccupato <\/span><span class=\"s3\" style=\"line-height: 14px; font-family: Verdana; font-size: 12px;\">confidando di ottenere anche lui notizie pi\u00f9 dettagliate sulla modalit\u00e0 e sui tempi di realizzazione dell\u2019opera dopo l\u2019incontro previsto tra l\u2019amm<\/span><span class=\"s3\" style=\"line-height: 14px; font-family: Verdana; font-size: 12px;\">inistrazione e<\/span><span class=\"s3\" style=\"line-height: 14px; font-family: Verdana; font-size: 12px;\"> De Gennaro<\/span><span class=\"s3\" style=\"line-height: 14px; font-family: Verdana; font-size: 12px;\"> nei prossimi giorni<\/span><span class=\"s3\" style=\"line-height: 14px; font-family: Verdana; font-size: 12px;\">\u201d.<\/span><span class=\"s3\" style=\"line-height: 14px; font-family: Verdana; font-size: 12px;\">\u201cQuanto affermato da Lanzi mal si coniuga <\/span><span class=\"s3\" style=\"line-height: 14px; font-family: Verdana; font-size: 12px;\">\u2013secondo Molinari- <\/span><span class=\"s3\" style=\"line-height: 14px; font-family: Verdana; font-size: 12px;\">con quanto riferito nella stessa seduta dall\u2019assessore Pesarini che ha azzardato <\/span><span class=\"s3\" style=\"line-height: 14px; font-family: Verdana; font-size: 12px;\">troppo presto facili rassicurazioni sul rispetto dei tempi e delle modalit\u00e0 di realizzazione del Nodo Complesso del Gallitello<\/span><span class=\"s3\" style=\"line-height: 14px; font-family: Verdana; font-size: 12px;\">. <\/span><span class=\"s3\" style=\"line-height: 14px; font-family: Verdana; font-size: 12px;\">Certo in questa particolare situazione \u2013conclude Molinari- \u00e8 necessario prendere tutte le precauzioni possibili per evitare un penalizzante ritardo nei lavori del Nodo complesso del Gallitello. E\u2019 necessario mantenere alta l\u2019attenzione per evitare che <\/span><span class=\"s3\" style=\"line-height: 14px; font-family: Verdana; font-size: 12px;\">i problemi di altri si ripercuotano anche sui cittadini e sui lavoratori impegnati nel cantiere\u201d.<\/span><\/p>\n<p>\u00a0<\/p>\n","protected":false},"excerpt":{"rendered":"<p>\u00a0 Diversamente da quanto affermato nei giorni corsi ci sembra vi sia nella vicenda giudiziaria che interessa i fratelli De Gennaro pi\u00f9 di un motivo &#8230; <\/p>\n","protected":false},"author":1,"featured_media":0,"comment_status":"closed","ping_status":"closed","sticky":false,"template":"single-sidebar.php","format":"standard","meta":{"footnotes":""},"categories":[63],"tags":[],"class_list":["post-4806","post","type-post","status-publish","format-standard","hentry","category-news"],"_links":{"self":[{"href":"https:\/\/archivio.comune.potenza.it\/index.php?rest_route=\/wp\/v2\/posts\/4806"}],"collection":[{"href":"https:\/\/archivio.comune.potenza.it\/index.php?rest_route=\/wp\/v2\/posts"}],"about":[{"href":"https:\/\/archivio.comune.potenza.it\/index.php?rest_route=\/wp\/v2\/types\/post"}],"author":[{"embeddable":true,"href":"https:\/\/archivio.comune.potenza.it\/index.php?rest_route=\/wp\/v2\/users\/1"}],"replies":[{"embeddable":true,"href":"https:\/\/archivio.comune.potenza.it\/index.php?rest_route=%2Fwp%2Fv2%2Fcomments&post=4806"}],"version-history":[{"count":0,"href":"https:\/\/archivio.comune.potenza.it\/index.php?rest_route=\/wp\/v2\/posts\/4806\/revisions"}],"wp:attachment":[{"href":"https:\/\/archivio.comune.potenza.it\/index.php?rest_route=%2Fwp%2Fv2%2Fmedia&parent=4806"}],"wp:term":[{"taxonomy":"category","embeddable":true,"href":"https:\/\/archivio.comune.potenza.it\/index.php?rest_route=%2Fwp%2Fv2%2Fcategories&post=4806"},{"taxonomy":"post_tag","embeddable":true,"href":"https:\/\/archivio.comune.potenza.it\/index.php?rest_route=%2Fwp%2Fv2%2Ftags&post=4806"}],"curies":[{"name":"wp","href":"https:\/\/api.w.org\/{rel}","templated":true}]}}