{"id":4807,"date":"2012-03-24T17:29:20","date_gmt":"2012-03-24T16:29:20","guid":{"rendered":"http:\/\/archivio.comune.potenza.it\/comune_wp\/?p=4807"},"modified":"2012-03-24T17:29:20","modified_gmt":"2012-03-24T16:29:20","slug":"fiore-pd-su-festeggiamenti-san-gerardo","status":"publish","type":"post","link":"https:\/\/archivio.comune.potenza.it\/?p=4807","title":{"rendered":"Fiore (PD) su festeggiamenti San Gerardo"},"content":{"rendered":"<p style=\"text-align: justify;\"><span style=\"font-family: arial,helvetica,sans-serif;\"><span style=\"font-size: small;\"><span class=\"s6\" style=\"line-height: 14px;\">Un anno fa, a causa di un&#8217;ordinanza che avrebbe dovuto vietare l&#8217;utilizzo di alcolici durante il pranzo dei Portatori, ordinanza solo annunciata e opportunamente mai emanata, furono numerosissime le posizioni a sostegno dell&#8217;associazione dei Portatori del Santo ovvero contrarie all&#8217;<\/span><span class=\"s6\" style=\"line-height: 14px;\">emanazione<\/span><\/span><\/span><span style=\"font-family: arial,helvetica,sans-serif;\"><span style=\"font-size: small;\"><span class=\"s6\" style=\"line-height: 14px;\"> di un tale provvedimento. Io stesso tentai pubblicamente di spiegare l&#8217;inutilit\u00e0 di ordinanze del genere, sottolineando lo straordinario entusiasmo con cui la mia generazione attraverso le tante associazioni culturali, riempie di vita e di festa la nostra citt\u00e0, il suo centro storico e la pi\u00f9 importante festa cittadina che \u00e8 quella organizzata in onore del Santo Patrono.<br \/>Anche quest&#8217;anno torna la polemica, per l&#8217;impossibilit\u00e0 di utilizzare la principale piazza della nostra citt\u00e0, interessata da importanti lavori di riqualificazione da poco appaltati ed avviati.\u00a0<br \/>Bene, voglio subito precisare che rattrista, nello sfogliare i quotidiani locali e nel leggere i comunicati stampa ed i social network, ridurre il dibattito, seppur legittimo a due fronti opposti come se vi fossero da un lato coloro i quali senza piazza Mario Pagano non ritengono possibile la festa di San Gerardo e dall&#8217;altra l&#8217;amministrazione comunale che, quasi volontariamente, ha reso impossibile l&#8217;utilizzo di tale spazio nel cuore cittadino.<br \/>Tutto ci\u00f2 \u00e8 alquanto paradossale. Nessun potentino, nessun amministratore di questa Citt\u00e0 vorrebbero privare, anche solo per un&#8217;ora la citt\u00e0 intera della fruibilit\u00e0 della sua piazza principale, soprattutto durante la tanto attesa festa patronale. Ma vi sono azioni amministrative le cui attuazioni sono oggetto di precise procedure normative cui purtroppo non \u00e8 possibile sfuggire e derogare pena, e allora s\u00ec sarebbe grave, la razionale e consapevole irresponsabilit\u00e0 amministrativa.<br \/>Dopo anni di riqualificazioni importanti e diffuse in tutta la citt\u00e0, era giunto il turno anche della pi\u00f9 importante piazza cittadina la cui inutilizzabilit\u00e0, qualora fosse stata evitata per la prossima festa di San Gerardo, quasi certamente si sarebbe riproposta per la medesima festa del prossimo anno.<\/span><span class=\"s6\" style=\"line-height: 14px;\">Dei lavori di piazza Prefettura se ne parla da tempo ormai, anzi da troppo tempo ed ora che gli stessi diventano realt\u00e0 bisognerebbe solo mostrare l&#8217;orgoglio di esser riusciti a drenare ulteriori risorse economiche per continuare nella significativa azione di riqualificazione dell&#8217;intera citt\u00e0.<\/span><span class=\"s6\" style=\"line-height: 14px;\">Tutti noi teniamo in maniera smisurata al nostro Santo Patrono, ad i festeggiamenti ed alle tante iniziative che in suo onore vengono programmate, alle tante associazioni culturali che rendono ancor pi\u00f9 viva ed entusiasmante la festa. Ma il bene e l&#8217;amore per questa citt\u00e0, la voglia di far bene, di far sempre meglio unite alla straordinaria capacita ed intelligenza che i potentini ed i giovani di questa citt\u00e0 hanno sempre dimostrato nell&#8217;affrontare le cose, ci impongono non gi\u00e0 di paventare fantomatici scioperi (non si comprenderebbe contro chi o contro cosa) bens\u00ec di non dar voce a chi mira a strumentalizzare politicamente le questioni e, rimboccandosi le maniche, tutti uniti cittadini, associazioni ed Amministrazione,<\/span><span class=\"s2\" style=\"line-height: 21px;\"> a fare in\u00a0 modo che la festa di San Gerardo sia sempre pi\u00f9 bella e non risenta della inutilizzabilit\u00e0 della piazza principale. <\/span><span class=\"s2\" style=\"line-height: 21px;\">Per una volta lasciamo da parte la politica,\u00a0facciamo in modo che non siano le soggettive posizioni politiche a muovere ed animare un dibattito-polemica di cui potremmo assolutamente farne a meno e discutiamo e confrontiamoci su altro, sulla festa, sugli eventi da programmare, sul tanto lavoro da fare, su come utilizzare al meglio e ravvivare ancora pi\u00f9 i tanti spazi del nostro centro storico che pure devono svolgere un ruolo alternativo alla tanto amata piazza Prefettura.<\/span><span class=\"s6\" style=\"line-height: 14px;\">Non vi \u00e8 dubbio, il problema resta. Resta esclusivamente per la delocalizzazione dei grandi eventi serali che lo scorso anno richiamarono migliaia di persone in piazza <\/span><span class=\"s6\" style=\"line-height: 14px;\">Mario Pagano considerata la indiscutibile<\/span><span class=\"s6\" style=\"line-height: 14px;\"> possibilit\u00e0 di delocalizzare <\/span><span class=\"s6\" style=\"line-height: 14px;\">in maniera assolutamente adeguata nei vari e tanti spazi del nostro centro storico <\/span><span class=\"s6\" style=\"line-height: 14px;\">tutte le altre iniziative ch<\/span><span class=\"s6\" style=\"line-height: 14px;\">e prima si svolgevano nella piazza stessa<\/span><span class=\"s6\" style=\"line-height: 14px;\">. Troviamo tutti assieme una soluzione adeguata che minimizzi i disagi dovuti al minor spazio causato dal non utilizzo di piazza Mario Pagano, troviamola tra le possibili soluzioni in grado di evitare che i grandi eventi si allontanino dal centro storico ovvero dal resto della festa. Pensiamo, lo dico come proposta, a piazza 18 agosto oppure al parco di Montreale. Sono certo che anche quest&#8217;anno<\/span><span class=\"s6\" style=\"line-height: 14px;\">, can qualche sacrificio aggiuntivo,<\/span><span class=\"s6\" style=\"line-height: 14px;\"> sar\u00e0 una straordinaria Festa di San Gerardo!<\/span><\/span><\/span><\/p>\n<p style=\"text-align: justify;\"><span style=\"font-family: arial,helvetica,sans-serif;\"><span style=\"font-size: small;\">\u00a0<\/span><\/span><\/p>\n","protected":false},"excerpt":{"rendered":"<p>Un anno fa, a causa di un&#8217;ordinanza che avrebbe dovuto vietare l&#8217;utilizzo di alcolici durante il pranzo dei Portatori, ordinanza solo annunciata e opportunamente mai &#8230; <\/p>\n","protected":false},"author":1,"featured_media":0,"comment_status":"closed","ping_status":"closed","sticky":false,"template":"single-sidebar.php","format":"standard","meta":{"footnotes":""},"categories":[63],"tags":[],"class_list":["post-4807","post","type-post","status-publish","format-standard","hentry","category-news"],"_links":{"self":[{"href":"https:\/\/archivio.comune.potenza.it\/index.php?rest_route=\/wp\/v2\/posts\/4807"}],"collection":[{"href":"https:\/\/archivio.comune.potenza.it\/index.php?rest_route=\/wp\/v2\/posts"}],"about":[{"href":"https:\/\/archivio.comune.potenza.it\/index.php?rest_route=\/wp\/v2\/types\/post"}],"author":[{"embeddable":true,"href":"https:\/\/archivio.comune.potenza.it\/index.php?rest_route=\/wp\/v2\/users\/1"}],"replies":[{"embeddable":true,"href":"https:\/\/archivio.comune.potenza.it\/index.php?rest_route=%2Fwp%2Fv2%2Fcomments&post=4807"}],"version-history":[{"count":0,"href":"https:\/\/archivio.comune.potenza.it\/index.php?rest_route=\/wp\/v2\/posts\/4807\/revisions"}],"wp:attachment":[{"href":"https:\/\/archivio.comune.potenza.it\/index.php?rest_route=%2Fwp%2Fv2%2Fmedia&parent=4807"}],"wp:term":[{"taxonomy":"category","embeddable":true,"href":"https:\/\/archivio.comune.potenza.it\/index.php?rest_route=%2Fwp%2Fv2%2Fcategories&post=4807"},{"taxonomy":"post_tag","embeddable":true,"href":"https:\/\/archivio.comune.potenza.it\/index.php?rest_route=%2Fwp%2Fv2%2Ftags&post=4807"}],"curies":[{"name":"wp","href":"https:\/\/api.w.org\/{rel}","templated":true}]}}