{"id":4808,"date":"2012-03-26T06:59:02","date_gmt":"2012-03-26T04:59:02","guid":{"rendered":"http:\/\/archivio.comune.potenza.it\/comune_wp\/?p=4808"},"modified":"2012-03-26T06:59:02","modified_gmt":"2012-03-26T04:59:02","slug":"becce-pdl-su-lavori-a-piazza-mpagano","status":"publish","type":"post","link":"https:\/\/archivio.comune.potenza.it\/?p=4808","title":{"rendered":"Becce (PDL) su lavori a Piazza M.Pagano"},"content":{"rendered":"<p style=\"text-align: justify;\"><span style=\"font-family: arial,helvetica,sans-serif;\"><span style=\"font-size: small;\">Il consigliere comunale dl PDL, Nicola Becce ha rivolto una interrogazione\u00a0al Sindaco e all&#8217;Assesore competente per conoscere quali sono\u00a0le ragioni che hanno indotto l\u2019amministrazione comunale a transennare cos\u00ec frettolosamente la piazza Prefettura non vagliando la possibilit\u00e0 di posticipare i lavori dopo la festivit\u00e0 patronale anche accordandosi con la ditta appaltatrice,\u00a0per quale motivo il sindaco non ha informato i consiglieri comunali sull\u2019imminente data di inizio dei lavoro e la cittadinanza tutta e se\u00a0l\u2019amministrazione comunale ha pensato a soluzioni alternative, individuando nuove zone della citt\u00e0 dove poter realizzare gli eventi in occasione della festivit\u00e0 di San Gerardo.<br \/>Becce evidenzia che\u00a0da alcuni giorni Piazza Mario Pagano (c.d. Piazza Prefettura) \u00e8 circondata e resa inaccessibile da transenne per la realizzazione di lavori e che\u00a0i cittadini potentini con sorpresa, stupore ed anche malcontento hanno accolto tale novit\u00e0. Becce infine evidenzia che\u00a0 \u00e8 ormai imminente la festivit\u00e0 del patrono potentino, San Gerardo, tanto attesa dagli abitanti della citt\u00e0 e non solo, che\u00a0i numerosi eventi che vengono organizzati in occasione di tale festivit\u00e0 attirano numerosi visitatori e turisti provenienti da altre zone della Basilicata e dalle regioni limitrofe,\u00a0che i tanti giovani e meno giovani che, attraverso le associazioni di appartenenza, si occupano da mesi dell\u2019organizzazione degli eventi in occasione delle festivit\u00e0 patronale, non sono stati doverosamente informati e con il congruo anticipo.Il consigliere comunale del PDL conclude dicendo che\u00a0la presenza della transenne ed il non utilizzo della piazza creer\u00e0 non pochi disagi e problemi mettendo a repentaglio la realizzazione delle manifestazioni stesse date le tempistiche molto brevi e che la macchina amministrativa e burocratica delle procedure d\u2019appalto e della fase preliminare di organizzazione dei lavori da diverse settimane sono state messe in atto.\u00a0<\/span><\/span><\/p>\n","protected":false},"excerpt":{"rendered":"<p>Il consigliere comunale dl PDL, Nicola Becce ha rivolto una interrogazione\u00a0al Sindaco e all&#8217;Assesore competente per conoscere quali sono\u00a0le ragioni che hanno indotto l\u2019amministrazione comunale &#8230; <\/p>\n","protected":false},"author":1,"featured_media":0,"comment_status":"closed","ping_status":"closed","sticky":false,"template":"single-sidebar.php","format":"standard","meta":{"footnotes":""},"categories":[63],"tags":[],"class_list":["post-4808","post","type-post","status-publish","format-standard","hentry","category-news"],"_links":{"self":[{"href":"https:\/\/archivio.comune.potenza.it\/index.php?rest_route=\/wp\/v2\/posts\/4808"}],"collection":[{"href":"https:\/\/archivio.comune.potenza.it\/index.php?rest_route=\/wp\/v2\/posts"}],"about":[{"href":"https:\/\/archivio.comune.potenza.it\/index.php?rest_route=\/wp\/v2\/types\/post"}],"author":[{"embeddable":true,"href":"https:\/\/archivio.comune.potenza.it\/index.php?rest_route=\/wp\/v2\/users\/1"}],"replies":[{"embeddable":true,"href":"https:\/\/archivio.comune.potenza.it\/index.php?rest_route=%2Fwp%2Fv2%2Fcomments&post=4808"}],"version-history":[{"count":0,"href":"https:\/\/archivio.comune.potenza.it\/index.php?rest_route=\/wp\/v2\/posts\/4808\/revisions"}],"wp:attachment":[{"href":"https:\/\/archivio.comune.potenza.it\/index.php?rest_route=%2Fwp%2Fv2%2Fmedia&parent=4808"}],"wp:term":[{"taxonomy":"category","embeddable":true,"href":"https:\/\/archivio.comune.potenza.it\/index.php?rest_route=%2Fwp%2Fv2%2Fcategories&post=4808"},{"taxonomy":"post_tag","embeddable":true,"href":"https:\/\/archivio.comune.potenza.it\/index.php?rest_route=%2Fwp%2Fv2%2Ftags&post=4808"}],"curies":[{"name":"wp","href":"https:\/\/api.w.org\/{rel}","templated":true}]}}