{"id":4812,"date":"2012-03-26T10:36:09","date_gmt":"2012-03-26T08:36:09","guid":{"rendered":"http:\/\/archivio.comune.potenza.it\/comune_wp\/?p=4812"},"modified":"2012-03-26T10:36:09","modified_gmt":"2012-03-26T08:36:09","slug":"allagata-e-danneggiata-la-scuola-materna-di-via-perugia","status":"publish","type":"post","link":"https:\/\/archivio.comune.potenza.it\/?p=4812","title":{"rendered":"Allagata e danneggiata la scuola materna di via Perugia, chiusa fino al 28 compreso"},"content":{"rendered":"<p><img loading=\"lazy\" decoding=\"async\" src=\"multimediali\/immagini\/News\/2012\/03\/vandali.jpg\" border=\"0\" width=\"193\" height=\"144\" style=\"margin: 10px; float: left;\" \/>\u201cPerseguiremo con il massimo rigore i responsabili, ed essendo emersi alcuni elementi, sono fiducioso sull\u2019esito positivo delle indagini attivate da subito\u201d, cos\u00ec il Sindaco di Potenza Vito Santarsiero giunto in mattinata in via Perugia presso la sede della scuola dell\u2019Infanzia che fa capo alla direzione didattica del V Circolo. La struttura scolastica nel corso dell\u2019ultimo finesettimana \u00e8 stata notevolmente danneggiata da alcuni vandali, che pare si siano introdotti da una delle porte posteriori, forzata cos\u00ec come diverse finestre alle quali sono stati infranti i vetri. Sul luogo oltre alla Polizia di Stato e alla Polizia Locale, gli assessori all\u2019Istruzione e alla Protezione Civile, rispettivamente Giuseppe Messina e Nicola Lovallo, il comandante dei vigili Donato Pace, i responsabili e i tecnici degli uffici com<img loading=\"lazy\" decoding=\"async\" src=\"multimediali\/immagini\/News\/2012\/03\/vandali 1.jpg\" border=\"0\" width=\"219\" height=\"184\" style=\"margin: 10px; float: right;\" \/>unali. Scritte con bombolette spray all\u2019esterno della struttura e manomissione delle manopole dell\u2019impianto del gas erano gi\u00e0 state segnalati dai dipendenti della scuola venerd\u00ec 23 marzo. A distanza di qualche giorno, quindi, ulteriori e pi\u00f9 gravi atti sono stati perpetrati: divelte mattonelle del rivestimento della cucina in parte scarabocchiate con pennarelli, cibo rovesciato in terra, disegni dei bambini staccati dalle pareti e buttati sul pavimento. Locali allagati, con rubinetti lasciati aperti e scarichi appositamente otturati. Sconcerto espresso anche dalla direttrice didattica Peppina Antonietta Arlotto, cos\u00ec come dai rappresentanti dell\u2019Amministrazione comunale, che tra l\u2019altro aveva provveduto negli ultimi tempi a importanti interventi di ristrutturazione del plesso. \u201cL\u2019esserla presa persino con i disegni dei nostri bambini denota l\u2019estrema povert\u00e0 mentale di chi si \u00e8 reso responsabile<img loading=\"lazy\" decoding=\"async\" src=\"multimediali\/immagini\/News\/2012\/03\/vandali 2.jpg\" border=\"0\" width=\"152\" height=\"202\" style=\"margin: 10px; float: left;\" \/> di comportamenti, non solo profondamente incivili e biasimevoli, \u2013 ancora il Sindaco \u2013 \u00a0ma soprattutto lesivi della dignit\u00e0 di una comunit\u00e0. Cos\u00ec come per quanti vollero prendersela con la statua marmorea del nostro Santo Patrono lo scorso dicembre, anche in questo caso garantiamo il massimo impegno affinch\u00e9 i colpevoli vengano individuati il prima possibile\u201d. L\u2019assessore Messina ha comunicato che a causa dei danneggiamenti \u201cle attivit\u00e0 didattiche nella scuola dell\u2019Infanzia di via Perugia saranno sospese fino a mercoled\u00ec 28 marzo compreso, per consentirci di ripristinare una situazione di normalit\u00e0 e di effettuare anche le operazioni legate al ripristino delle condizioni igienico sanitarie necessarie perch\u00e9 i bimbi possano tornare nelle loro aule\u201d, interventi gi\u00e0 cominciati anche grazie al supporto dell\u2019associazione di volontariato \u2018Vola\u2019.<\/p>\n","protected":false},"excerpt":{"rendered":"<p>\u201cPerseguiremo con il massimo rigore i responsabili, ed essendo emersi alcuni elementi, sono fiducioso sull\u2019esito positivo delle indagini attivate da subito\u201d, cos\u00ec il Sindaco di &#8230; <\/p>\n","protected":false},"author":1,"featured_media":0,"comment_status":"closed","ping_status":"closed","sticky":false,"template":"single-sidebar.php","format":"standard","meta":{"footnotes":""},"categories":[63],"tags":[],"class_list":["post-4812","post","type-post","status-publish","format-standard","hentry","category-news"],"_links":{"self":[{"href":"https:\/\/archivio.comune.potenza.it\/index.php?rest_route=\/wp\/v2\/posts\/4812"}],"collection":[{"href":"https:\/\/archivio.comune.potenza.it\/index.php?rest_route=\/wp\/v2\/posts"}],"about":[{"href":"https:\/\/archivio.comune.potenza.it\/index.php?rest_route=\/wp\/v2\/types\/post"}],"author":[{"embeddable":true,"href":"https:\/\/archivio.comune.potenza.it\/index.php?rest_route=\/wp\/v2\/users\/1"}],"replies":[{"embeddable":true,"href":"https:\/\/archivio.comune.potenza.it\/index.php?rest_route=%2Fwp%2Fv2%2Fcomments&post=4812"}],"version-history":[{"count":0,"href":"https:\/\/archivio.comune.potenza.it\/index.php?rest_route=\/wp\/v2\/posts\/4812\/revisions"}],"wp:attachment":[{"href":"https:\/\/archivio.comune.potenza.it\/index.php?rest_route=%2Fwp%2Fv2%2Fmedia&parent=4812"}],"wp:term":[{"taxonomy":"category","embeddable":true,"href":"https:\/\/archivio.comune.potenza.it\/index.php?rest_route=%2Fwp%2Fv2%2Fcategories&post=4812"},{"taxonomy":"post_tag","embeddable":true,"href":"https:\/\/archivio.comune.potenza.it\/index.php?rest_route=%2Fwp%2Fv2%2Ftags&post=4812"}],"curies":[{"name":"wp","href":"https:\/\/api.w.org\/{rel}","templated":true}]}}