{"id":4825,"date":"2012-03-28T14:19:05","date_gmt":"2012-03-28T12:19:05","guid":{"rendered":"http:\/\/archivio.comune.potenza.it\/comune_wp\/?p=4825"},"modified":"2012-03-28T14:19:05","modified_gmt":"2012-03-28T12:19:05","slug":"entra-in-funzione-postazione-mobile-di-autovelox","status":"publish","type":"post","link":"https:\/\/archivio.comune.potenza.it\/?p=4825","title":{"rendered":"Entra in funzione postazione mobile di autovelox"},"content":{"rendered":"<p style=\"text-align: justify;\"><span style=\"font-family: arial,helvetica,sans-serif;\"><span style=\"font-size: small;\">In un\u2019ottica di trasparenza il Comando di Polizia Locale di Potenza comunica che, nel perseguimento prioritario del duplice obiettivo di rendere pi\u00f9 sicura la circolazione stradale\u00a0 &#8211; al fine di \u00a0porre un rimedio agli incidenti stradali &#8211; \u00a0e \u00a0garantire il \u00a0rispetto delle norme del Codice della Strada, sar\u00e0 attivato il servizio di rilevazione della velocit\u00e0 (AUTOVELOX). L\u2019attivit\u00e0 di controllo inizier\u00e0 gioved\u00ec 29 marzo p.v. \u00a0e sar\u00e0 \u00a0effettuata, mediante postazione mobile con l\u2019utilizzo di pattuglie della Polizia Locale, lungo \u00a0le principali\u00a0 strade urbane di scorrimento della citt\u00e0 dove il tasso degli incidenti stradali dovuti all\u2019eccessiva velocit\u00e0 \u00e8 maggiore, quali via Giovanni XXIII e via Ciccotti.<br \/>La presenza del \u201dAutovelox\u201d sar\u00e0 segnalata con idonea segnaletica di preavviso. La strumentazione tecnica utilizzata, di propriet\u00e0\u00a0 dell\u2019Amministrazione Comunale, \u00e8 stata revisionata, omologata e tarata secondo le vigenti disposizioni legislative.<br \/> Nel rimarcare che il rispetto della velocit\u00e0 rappresenta uno degli elementi basilari affinch\u00e9 la circolazione stradale sia sicura per tutti gli utenti della strada e che la guida dovrebbe sempre essere\u00a0improntata alla prudenza, si invitano gli automobilisti \u00a0ad attenersi ai limiti di velocit\u00e0 prescritti, ricordando che il loro superamento comporter\u00e0 l\u2019irrogazione di sanzioni amministrative, la decurtazione di punti e nei casi pi\u00f9 gravi il ritiro della patente di guida.<\/span><\/span><\/p>\n","protected":false},"excerpt":{"rendered":"<p>In un\u2019ottica di trasparenza il Comando di Polizia Locale di Potenza comunica che, nel perseguimento prioritario del duplice obiettivo di rendere pi\u00f9 sicura la circolazione &#8230; <\/p>\n","protected":false},"author":1,"featured_media":0,"comment_status":"closed","ping_status":"closed","sticky":false,"template":"single-sidebar.php","format":"standard","meta":{"footnotes":""},"categories":[63],"tags":[],"class_list":["post-4825","post","type-post","status-publish","format-standard","hentry","category-news"],"_links":{"self":[{"href":"https:\/\/archivio.comune.potenza.it\/index.php?rest_route=\/wp\/v2\/posts\/4825"}],"collection":[{"href":"https:\/\/archivio.comune.potenza.it\/index.php?rest_route=\/wp\/v2\/posts"}],"about":[{"href":"https:\/\/archivio.comune.potenza.it\/index.php?rest_route=\/wp\/v2\/types\/post"}],"author":[{"embeddable":true,"href":"https:\/\/archivio.comune.potenza.it\/index.php?rest_route=\/wp\/v2\/users\/1"}],"replies":[{"embeddable":true,"href":"https:\/\/archivio.comune.potenza.it\/index.php?rest_route=%2Fwp%2Fv2%2Fcomments&post=4825"}],"version-history":[{"count":0,"href":"https:\/\/archivio.comune.potenza.it\/index.php?rest_route=\/wp\/v2\/posts\/4825\/revisions"}],"wp:attachment":[{"href":"https:\/\/archivio.comune.potenza.it\/index.php?rest_route=%2Fwp%2Fv2%2Fmedia&parent=4825"}],"wp:term":[{"taxonomy":"category","embeddable":true,"href":"https:\/\/archivio.comune.potenza.it\/index.php?rest_route=%2Fwp%2Fv2%2Fcategories&post=4825"},{"taxonomy":"post_tag","embeddable":true,"href":"https:\/\/archivio.comune.potenza.it\/index.php?rest_route=%2Fwp%2Fv2%2Ftags&post=4825"}],"curies":[{"name":"wp","href":"https:\/\/api.w.org\/{rel}","templated":true}]}}