{"id":4838,"date":"2012-03-30T11:58:29","date_gmt":"2012-03-30T09:58:29","guid":{"rendered":"http:\/\/archivio.comune.potenza.it\/comune_wp\/?p=4838"},"modified":"2012-03-30T11:58:29","modified_gmt":"2012-03-30T09:58:29","slug":"nodo-complesso-gallitellolopera-sara-realizzata-nei-tempi-previsti","status":"publish","type":"post","link":"https:\/\/archivio.comune.potenza.it\/?p=4838","title":{"rendered":"Nodo complesso Gallitello:l&#8217;opera sar\u00e0 realizzata nei tempi previsti"},"content":{"rendered":"<p style=\"text-align: justify;\"><span style=\"font-family: arial,helvetica,sans-serif;\"><span style=\"font-size: small;\"><img loading=\"lazy\" decoding=\"async\" src=\"multimediali\/immagini\/News\/2012\/03\/riunione nodo complesso.jpg\" border=\"0\" width=\"358\" height=\"294\" style=\"margin: 10px; float: left;\" \/>Il Nodo Complesso del Gallitello sar\u00e0 terminato nei tempi previsti. L\u2019assicurazione \u00e8 venuta al termine dell\u2019incontro che l\u2019Amministrazione comunale di Potenza ha avuto con i rappresentanti della ditta che sta eseguendo i lavori.Presenti il Sindaco Vito Santarsiero, gli assessori Campagna e Pesarini, il direttore dei lavori Lanzi, il dirigente Robilotta, il responsabile del RUP Restaino. <br \/>Il legale rappresentante della societ\u00e0 che sta realizzando i lavori dott.Francesco Vacca accompagnato dall\u2019Ing. Castriglione e dal geom. Cornacchia ha ribadito\u00a0 in maniera esplicita\u00a0 che l\u2019impresa chiuder\u00e0 la commessa nei tempi contrattuali, aggiungendo altres\u00ec che \u00e8 stato firmato il contratto e approvato il crono programma per la realizzazione della grande trave in acciaio.<br \/>Il varo di quest\u2019ultima\u00a0 \u00e8 previsto entro la fine del mese di luglio mentre sono gi\u00e0 posate a terra altre 35 travi in cemento armato precompresso e sono state commissionate le otto rimanenti.Gi\u00e0 da luned\u00ec il cantiere sar\u00e0 riaperto e dopo Pasqua sar\u00e0 a regime con oltre dieci unit\u00e0 lavorative.<br \/>Per la conclusione dell\u2019opera sar\u00e0 inoltre necessario realizzare due pile per l\u2019appoggio della trave, esecuzione ordinaria che per la quale non ci saranno problemi.Per una delle due sar\u00e0 realizzata una paratia gi\u00e0 autorizzata dalle Ferrovie dello Stato.<br \/>Soddisfazione \u00e8 stata espressa al termine dell\u2019incontro dal Sindaco Santarsiero e dagli assessori Campagna e Pesarini che hanno preso atto positivamente delle assicurazioni venute dai responsabili dell\u2019impresa. \u201cL\u2019Amministrazione \u2013hanno detto- seguir\u00e0 comunque con attenzione l\u2019evolversi del cantiere stante l\u2019importanza dell\u2019opera per la citt\u00e0 di Potenza.\u201d<\/span><\/span><\/p>\n","protected":false},"excerpt":{"rendered":"<p>Il Nodo Complesso del Gallitello sar\u00e0 terminato nei tempi previsti. L\u2019assicurazione \u00e8 venuta al termine dell\u2019incontro che l\u2019Amministrazione comunale di Potenza ha avuto con i &#8230; <\/p>\n","protected":false},"author":1,"featured_media":0,"comment_status":"closed","ping_status":"closed","sticky":false,"template":"single-sidebar.php","format":"standard","meta":{"footnotes":""},"categories":[63],"tags":[],"class_list":["post-4838","post","type-post","status-publish","format-standard","hentry","category-news"],"_links":{"self":[{"href":"https:\/\/archivio.comune.potenza.it\/index.php?rest_route=\/wp\/v2\/posts\/4838"}],"collection":[{"href":"https:\/\/archivio.comune.potenza.it\/index.php?rest_route=\/wp\/v2\/posts"}],"about":[{"href":"https:\/\/archivio.comune.potenza.it\/index.php?rest_route=\/wp\/v2\/types\/post"}],"author":[{"embeddable":true,"href":"https:\/\/archivio.comune.potenza.it\/index.php?rest_route=\/wp\/v2\/users\/1"}],"replies":[{"embeddable":true,"href":"https:\/\/archivio.comune.potenza.it\/index.php?rest_route=%2Fwp%2Fv2%2Fcomments&post=4838"}],"version-history":[{"count":0,"href":"https:\/\/archivio.comune.potenza.it\/index.php?rest_route=\/wp\/v2\/posts\/4838\/revisions"}],"wp:attachment":[{"href":"https:\/\/archivio.comune.potenza.it\/index.php?rest_route=%2Fwp%2Fv2%2Fmedia&parent=4838"}],"wp:term":[{"taxonomy":"category","embeddable":true,"href":"https:\/\/archivio.comune.potenza.it\/index.php?rest_route=%2Fwp%2Fv2%2Fcategories&post=4838"},{"taxonomy":"post_tag","embeddable":true,"href":"https:\/\/archivio.comune.potenza.it\/index.php?rest_route=%2Fwp%2Fv2%2Ftags&post=4838"}],"curies":[{"name":"wp","href":"https:\/\/api.w.org\/{rel}","templated":true}]}}