{"id":4850,"date":"2012-04-02T09:03:03","date_gmt":"2012-04-02T07:03:03","guid":{"rendered":"http:\/\/archivio.comune.potenza.it\/comune_wp\/?p=4850"},"modified":"2012-04-02T09:03:03","modified_gmt":"2012-04-02T07:03:03","slug":"santarsiero-riceve-nuovo-direttore-san-carlo-giampiero-maruggi","status":"publish","type":"post","link":"https:\/\/archivio.comune.potenza.it\/?p=4850","title":{"rendered":"Santarsiero riceve nuovo Direttore San Carlo Giampiero Maruggi"},"content":{"rendered":"<p style=\"text-align: justify;\"><span style=\"font-family: arial,helvetica,sans-serif;\"><span style=\"font-size: small;\"><img loading=\"lazy\" decoding=\"async\" src=\"multimediali\/immagini\/News\/2012\/04\/maruggi.jpg\" border=\"0\" width=\"307\" height=\"228\" style=\"margin: 10px; float: left;\" \/>\u201cCon il dott. Giampiero Maruggi si apre una stagione nella quale il San Carlo senza ombra di dubbi superer\u00e0 ogni situazione di difficolt\u00e0 che pure \u00e8 emersa in questi ultimi tempi e torner\u00e0 ad essere punto di riferimento assoluto della sanit\u00e0 regionale e fiore all\u2019occhiello della nostra citt\u00e0. \u201cCos\u00ec il Sindaco di Potenza,Vito Santarsiero che ha ricevuto il nuovo direttore Generale dell\u2019Azienda ospedaliera regionale San Carlo di Potenza, Giampiero Maruggi.\u201cConosciamo \u2013ha aggiunto Santarsiero- competenza e capacit\u00e0 professionale del nuovo Direttore e pertanto siamo certi che l\u2019Azienda Ospedaliera sar\u00e0 interessata da un importante lavoro di prospettiva.\u201dNel corso dell\u2019incontro Santarsiero e Maruggi sono entrati nel merito di questioni che riguardano le relazioni tra Comune e Azienda ospedaliera per la sistemazione delle varie aree e la migliore logistica dell\u2019intera zona che riguarda il San Carlo. \u201cDopo aver realizzato il grande svincolo del Nodo Ospedaliero \u2013ha detto Santarsiero- stiamo lavorando sull\u2019 asse metropolitano che prevede il tratto metropolitano delle FAL con arrivo al San Carlo.\u201dDa parte sua il direttore Maruggi ha manifestato la totale disponibilit\u00e0 ad interagire con l\u2019Amministrazione comunale di Potenza per risolvere comunemente le problematiche esistenti.<\/span><\/span><\/p>\n","protected":false},"excerpt":{"rendered":"<p>\u201cCon il dott. Giampiero Maruggi si apre una stagione nella quale il San Carlo senza ombra di dubbi superer\u00e0 ogni situazione di difficolt\u00e0 che pure &#8230; <\/p>\n","protected":false},"author":1,"featured_media":0,"comment_status":"closed","ping_status":"closed","sticky":false,"template":"single-sidebar.php","format":"standard","meta":{"footnotes":""},"categories":[63],"tags":[],"class_list":["post-4850","post","type-post","status-publish","format-standard","hentry","category-news"],"_links":{"self":[{"href":"https:\/\/archivio.comune.potenza.it\/index.php?rest_route=\/wp\/v2\/posts\/4850"}],"collection":[{"href":"https:\/\/archivio.comune.potenza.it\/index.php?rest_route=\/wp\/v2\/posts"}],"about":[{"href":"https:\/\/archivio.comune.potenza.it\/index.php?rest_route=\/wp\/v2\/types\/post"}],"author":[{"embeddable":true,"href":"https:\/\/archivio.comune.potenza.it\/index.php?rest_route=\/wp\/v2\/users\/1"}],"replies":[{"embeddable":true,"href":"https:\/\/archivio.comune.potenza.it\/index.php?rest_route=%2Fwp%2Fv2%2Fcomments&post=4850"}],"version-history":[{"count":0,"href":"https:\/\/archivio.comune.potenza.it\/index.php?rest_route=\/wp\/v2\/posts\/4850\/revisions"}],"wp:attachment":[{"href":"https:\/\/archivio.comune.potenza.it\/index.php?rest_route=%2Fwp%2Fv2%2Fmedia&parent=4850"}],"wp:term":[{"taxonomy":"category","embeddable":true,"href":"https:\/\/archivio.comune.potenza.it\/index.php?rest_route=%2Fwp%2Fv2%2Fcategories&post=4850"},{"taxonomy":"post_tag","embeddable":true,"href":"https:\/\/archivio.comune.potenza.it\/index.php?rest_route=%2Fwp%2Fv2%2Ftags&post=4850"}],"curies":[{"name":"wp","href":"https:\/\/api.w.org\/{rel}","templated":true}]}}