{"id":4867,"date":"2012-04-03T12:00:39","date_gmt":"2012-04-03T10:00:39","guid":{"rendered":"http:\/\/archivio.comune.potenza.it\/comune_wp\/?p=4867"},"modified":"2012-04-03T12:00:39","modified_gmt":"2012-04-03T10:00:39","slug":"mercatino-usatopubblicato-bando-per-la-partecipazione","status":"publish","type":"post","link":"https:\/\/archivio.comune.potenza.it\/?p=4867","title":{"rendered":"Mercatino usato: pubblicato bando per la partecipazione"},"content":{"rendered":"<p style=\"text-align: justify;\"><span style=\"font-family: arial,helvetica,sans-serif;\"><span style=\"font-size: small;\">Il 30 marzo u.s., a cura dell\u2019Unit\u00e0 di Direzione Attivit\u00e0 Produttive e marketing territoriale, \u00e8 stato pubblicato il Bando di partecipazione al \u201c<em>MERCATINO DELLE COSE USATE E D\u2019ALTRI<\/em> <em>TEMPI<\/em>\u201d EDIZIONE 2012 \u2013 che si terr\u00e0, come nelle ultime due passate edizioni, nell\u2019area ricompresa tra l\u2019intersezione di Piazza Matteotti, Via Pretoria, ivi compreso largo Maffei e vicoli attigui, e l\u2019incrocio con Vico Serrao e la parte di Via Pretoria nello spazio antistante la Banca d\u2019Italia, nelle domeniche\u00a0 del <strong>20 maggio -17 giugno &#8211; 22 luglio -19 agosto &#8211; 23 settembre &#8211; 21 ottobre dalle h 9,00 alle ore 22, 00. <\/strong><\/span><\/span><\/p>\n<p style=\"text-align: justify;\"><span style=\"font-family: arial,helvetica,sans-serif;\"><span style=\"font-size: small;\">La manifestazione \u00e8 riservata a commercianti, artigiani, hobbisti, trattanti esclusivamente i seguenti prodotti: \u201c<em>oggettistica antica, antiquariato, rigatteria, fumetti e libri usati, stampe anche d\u2019epoca, oggetti da collezione, hobbistica di cose antiche in genere , strumenti musicali, mobili e materiale vario, di epoca non recente, d\u2019antiquariato, usati, vecchi o antichi\u201d.<\/em><\/span><\/span><\/p>\n<p style=\"text-align: justify;\"><span style=\"font-family: arial,helvetica,sans-serif;\"><span style=\"font-size: small;\">Gli interessati dovranno presentare domanda, secondo le modalit\u00e0 indicate nel \u201cBANDO\u201d<strong>, entro\u00a0<\/strong><strong> luned\u00ec 30 aprile p.v<\/strong>. Il bando di partecipazione corredato dal modello di domanda potr\u00e0 essere scaricato dall&#8217;area tematica Commercio del presente sito.\u00a0<\/span><\/span><\/p>\n<p style=\"text-align: justify;\"><span style=\"font-family: arial,helvetica,sans-serif;\"><span style=\"font-size: small;\"><strong>Per ulteriori informazioni contattare:<\/strong><\/span><\/span><\/p>\n<ul>\n<li>\n<div style=\"text-align: justify;\"><span style=\"font-family: arial,helvetica,sans-serif;\"><span style=\"font-size: small;\">Unit\u00e0 di Direzione \u201cAttivit\u00e0 produttive e marketing territoriale\u201d,\u00a0Via Nazario Sauro \u2013 Pal Mobilit\u00e0 \u00a0tel. 0971\/415715-19 <\/span><\/span><\/div>\n<\/li>\n<li>\n<div style=\"text-align: justify;\"><span style=\"font-family: arial,helvetica,sans-serif;\"><span style=\"font-size: small;\">Ufficio relazioni con il pubblico,\u00a0Piazza Matteotti, \u00a0palazzo di Citt\u00e0.<\/span><\/span><\/div>\n<\/li>\n<\/ul>\n<p style=\"text-align: justify;\"><span style=\"font-family: arial,helvetica,sans-serif;\"><span style=\"font-size: small;\">Si avvisa, inoltre, che per mero errore materiale, il \u201cBANDO\u201d\u00a0 pubblicato sul sito dal 30 marzo al 2 aprile\u00a0scorso \u00a0indicava \u00a0quali date di svolgimento\u00a0del mercatino le seguenti:\u00a0\u00a0\u201c<em>20 maggio -17 giugno -15 luglio -19 agosto -16<\/em> <em>settembre &#8211; 21 ottobre<\/em>\u201d\u00a0 in luogo di \u201c<strong><em>20 maggio &#8211; 17 giugno &#8211; 22 luglio &#8211; 19 agosto &#8211; 23 settembre e 21 ottobre<\/em><\/strong>\u201d come correttamente riportato nel \u201cBANDO\u201d ripubblicato dalle ore 14.00 del 2 aprile.<\/span><\/span><\/p>\n<p><BR><A HREF =\"attachments\/article\/5511\/BANDO MERCATINO 2012.pdf\" title=\"BANDO MERCATINO 2012.pdf\" target=\"_blank\" >BANDO MERCATINO 2012.pdf<\/A><\/p>\n","protected":false},"excerpt":{"rendered":"<p>Il 30 marzo u.s., a cura dell\u2019Unit\u00e0 di Direzione Attivit\u00e0 Produttive e marketing territoriale, \u00e8 stato pubblicato il Bando di partecipazione al \u201cMERCATINO DELLE COSE &#8230; <\/p>\n","protected":false},"author":1,"featured_media":0,"comment_status":"closed","ping_status":"closed","sticky":false,"template":"single-sidebar.php","format":"standard","meta":{"footnotes":""},"categories":[63],"tags":[],"class_list":["post-4867","post","type-post","status-publish","format-standard","hentry","category-news"],"_links":{"self":[{"href":"https:\/\/archivio.comune.potenza.it\/index.php?rest_route=\/wp\/v2\/posts\/4867"}],"collection":[{"href":"https:\/\/archivio.comune.potenza.it\/index.php?rest_route=\/wp\/v2\/posts"}],"about":[{"href":"https:\/\/archivio.comune.potenza.it\/index.php?rest_route=\/wp\/v2\/types\/post"}],"author":[{"embeddable":true,"href":"https:\/\/archivio.comune.potenza.it\/index.php?rest_route=\/wp\/v2\/users\/1"}],"replies":[{"embeddable":true,"href":"https:\/\/archivio.comune.potenza.it\/index.php?rest_route=%2Fwp%2Fv2%2Fcomments&post=4867"}],"version-history":[{"count":0,"href":"https:\/\/archivio.comune.potenza.it\/index.php?rest_route=\/wp\/v2\/posts\/4867\/revisions"}],"wp:attachment":[{"href":"https:\/\/archivio.comune.potenza.it\/index.php?rest_route=%2Fwp%2Fv2%2Fmedia&parent=4867"}],"wp:term":[{"taxonomy":"category","embeddable":true,"href":"https:\/\/archivio.comune.potenza.it\/index.php?rest_route=%2Fwp%2Fv2%2Fcategories&post=4867"},{"taxonomy":"post_tag","embeddable":true,"href":"https:\/\/archivio.comune.potenza.it\/index.php?rest_route=%2Fwp%2Fv2%2Ftags&post=4867"}],"curies":[{"name":"wp","href":"https:\/\/api.w.org\/{rel}","templated":true}]}}