{"id":4875,"date":"2012-04-04T10:50:18","date_gmt":"2012-04-04T08:50:18","guid":{"rendered":"http:\/\/archivio.comune.potenza.it\/comune_wp\/?p=4875"},"modified":"2012-04-04T10:50:18","modified_gmt":"2012-04-04T08:50:18","slug":"il-comune-acquistera-il-palazzetto-coni","status":"publish","type":"post","link":"https:\/\/archivio.comune.potenza.it\/?p=4875","title":{"rendered":"Il Comune acquister\u00e0 il Palazzetto Coni"},"content":{"rendered":"<p style=\"text-align: justify;\"><span style=\"font-family: arial,helvetica,sans-serif;\"><span style=\"font-size: small;\"><img loading=\"lazy\" decoding=\"async\" src=\"multimediali\/immagini\/News\/2012\/04\/coni.jpg\" border=\"0\" width=\"346\" height=\"260\" style=\"margin: 10px; float: left;\" \/>Raggiunto l\u2019accordo di massima per la cessione della palestra Coni di Montereale tra l&#8217;organizzazione che cura lo sviluppo e la promozione dello sport in Italia, il Coni appunto, e l\u2019Amministrazione comunale del capoluogo di regione. Nell\u2019ambito del percorso di dismissione di alcuni immobili intrapreso dal Coni, la societ\u00e0 che si occupa della stipula dei contratti ha delegato la sua responsabile, Carla Varese a incontrare i rappresentanti del Comune di Potenza, Comune che, come spiegato dai protagonisti dell\u2019incontro \u201cacquister\u00e0 il palazzetto Coni di Montereale\u201d. Secondo il sindaco Vito Santarsiero: \u201c\u00e8 fondamentale che questa struttura resti patrimonio pubblico. Apprezziamo lo sforzo del Coni teso a favorire questa soluzione e con l\u2019approvazione del bilancio saremo in grado di procedere alla stipula del contratto. Entro luglio il palazzetto verr\u00e0 consegnato alla citt\u00e0, bisogner\u00e0 poi ristrutturarlo, adeguarlo e restituirlo alle attivit\u00e0 sportive\u201d. Alla riunione erano presenti anche il presidente provinciale del Coni Antonio Pesarini e l\u2019assessore comunale allo Sport Giuseppe Ginefra che ha annunciato la volont\u00e0 di intitolare la struttura sportiva \u201ca Edmondo Landi. Quello che sar\u00e0 il \u2018PalaLandi\u2019rappresenta una memoria storica per la nostra citt\u00e0, laddove si sono avvicendati tutti gli sportivi potentini, dai cestisti ai pallavolisti, dai boxer ai judoka, dagli schermidori ai karateka. Quando nel 1967 fu realizzato era la prima e unica palestra coperta a disposizione della citt\u00e0 ed \u00e8 giusto che torni a Potenza constatato come in quel palazzetto si sono allenati e formati i pi\u00f9 grandi campioni potentini, alcuni dei quali purtroppo ci hanno lasciato\u201d ha concluso Ginefra.<\/span><\/span><\/p>\n<p style=\"text-align: justify;\"><span style=\"font-family: arial,helvetica,sans-serif;\"><span style=\"font-size: small;\">\u00a0<\/span><\/span><\/p>\n<p>\u00a0<\/p>\n<p>\u00a0<\/p>\n","protected":false},"excerpt":{"rendered":"<p>Raggiunto l\u2019accordo di massima per la cessione della palestra Coni di Montereale tra l&#8217;organizzazione che cura lo sviluppo e la promozione dello sport in Italia, &#8230; <\/p>\n","protected":false},"author":1,"featured_media":0,"comment_status":"closed","ping_status":"closed","sticky":false,"template":"single-sidebar.php","format":"standard","meta":{"footnotes":""},"categories":[63],"tags":[],"class_list":["post-4875","post","type-post","status-publish","format-standard","hentry","category-news"],"_links":{"self":[{"href":"https:\/\/archivio.comune.potenza.it\/index.php?rest_route=\/wp\/v2\/posts\/4875"}],"collection":[{"href":"https:\/\/archivio.comune.potenza.it\/index.php?rest_route=\/wp\/v2\/posts"}],"about":[{"href":"https:\/\/archivio.comune.potenza.it\/index.php?rest_route=\/wp\/v2\/types\/post"}],"author":[{"embeddable":true,"href":"https:\/\/archivio.comune.potenza.it\/index.php?rest_route=\/wp\/v2\/users\/1"}],"replies":[{"embeddable":true,"href":"https:\/\/archivio.comune.potenza.it\/index.php?rest_route=%2Fwp%2Fv2%2Fcomments&post=4875"}],"version-history":[{"count":0,"href":"https:\/\/archivio.comune.potenza.it\/index.php?rest_route=\/wp\/v2\/posts\/4875\/revisions"}],"wp:attachment":[{"href":"https:\/\/archivio.comune.potenza.it\/index.php?rest_route=%2Fwp%2Fv2%2Fmedia&parent=4875"}],"wp:term":[{"taxonomy":"category","embeddable":true,"href":"https:\/\/archivio.comune.potenza.it\/index.php?rest_route=%2Fwp%2Fv2%2Fcategories&post=4875"},{"taxonomy":"post_tag","embeddable":true,"href":"https:\/\/archivio.comune.potenza.it\/index.php?rest_route=%2Fwp%2Fv2%2Ftags&post=4875"}],"curies":[{"name":"wp","href":"https:\/\/api.w.org\/{rel}","templated":true}]}}