{"id":4889,"date":"2012-04-06T09:51:51","date_gmt":"2012-04-06T07:51:51","guid":{"rendered":"http:\/\/archivio.comune.potenza.it\/comune_wp\/?p=4889"},"modified":"2012-04-06T09:51:51","modified_gmt":"2012-04-06T07:51:51","slug":"carretta-pd-su-polemiche-relative-a-modifiche-ztl","status":"publish","type":"post","link":"https:\/\/archivio.comune.potenza.it\/?p=4889","title":{"rendered":"Carretta (PD) su polemiche relative a modifiche ZTL"},"content":{"rendered":"<p style=\"text-align: justify;\">&#8220;<span style=\"font-family: arial,helvetica,sans-serif;\"><span style=\"font-size: small;\">In relazione alle dichiarazioni del collega Napoli, voglio assicurare che non c\u2019\u00e8 stata alcuna retromarcia e alcun fallimento rispetto alla nuova delibera sulla Ztl.&#8221; Cos\u00ec il capogruppo del PD Gianpaolo Carretta il quale aggiunge che &#8220;va ricordato che il provvedimento \u00e8 da sempre stato presentato quale sperimentale e che, alla luce dei primi tre mesi di attuazione, si \u00e8 ritenuto doveroso apportare alcuni correttivi, ed altri se ne apporteranno dopo la sperimentazione relativa al periodo estivo.L\u2019Amministrazione comunale ha, dunque, con intelligenza, ritenuto opportuno andare ad alcune modifiche, dopo aver ascoltato la citt\u00e0, in modo democratico e partecipato ed in linea con la genesi sperimentale del provvedimento, senza stravolgerne per\u00f2 l\u2019impalcatura generale.Va rimarcato piuttosto,-conclude Carretta- \u00a0rifuggendo da strumentalizzazioni politiche, che per la prima volta, sotto il profilo culturale e amministrativo, \u00e8 stato approvato un provvedimento innovativo e necessario per la citt\u00e0 di Potenza in generale e per il nostro centro storico in particolare.&#8221;<\/span><\/span><\/p>\n","protected":false},"excerpt":{"rendered":"<p>&#8220;In relazione alle dichiarazioni del collega Napoli, voglio assicurare che non c\u2019\u00e8 stata alcuna retromarcia e alcun fallimento rispetto alla nuova delibera sulla Ztl.&#8221; Cos\u00ec &#8230; <\/p>\n","protected":false},"author":1,"featured_media":0,"comment_status":"closed","ping_status":"closed","sticky":false,"template":"single-sidebar.php","format":"standard","meta":{"footnotes":""},"categories":[63],"tags":[],"class_list":["post-4889","post","type-post","status-publish","format-standard","hentry","category-news"],"_links":{"self":[{"href":"https:\/\/archivio.comune.potenza.it\/index.php?rest_route=\/wp\/v2\/posts\/4889"}],"collection":[{"href":"https:\/\/archivio.comune.potenza.it\/index.php?rest_route=\/wp\/v2\/posts"}],"about":[{"href":"https:\/\/archivio.comune.potenza.it\/index.php?rest_route=\/wp\/v2\/types\/post"}],"author":[{"embeddable":true,"href":"https:\/\/archivio.comune.potenza.it\/index.php?rest_route=\/wp\/v2\/users\/1"}],"replies":[{"embeddable":true,"href":"https:\/\/archivio.comune.potenza.it\/index.php?rest_route=%2Fwp%2Fv2%2Fcomments&post=4889"}],"version-history":[{"count":0,"href":"https:\/\/archivio.comune.potenza.it\/index.php?rest_route=\/wp\/v2\/posts\/4889\/revisions"}],"wp:attachment":[{"href":"https:\/\/archivio.comune.potenza.it\/index.php?rest_route=%2Fwp%2Fv2%2Fmedia&parent=4889"}],"wp:term":[{"taxonomy":"category","embeddable":true,"href":"https:\/\/archivio.comune.potenza.it\/index.php?rest_route=%2Fwp%2Fv2%2Fcategories&post=4889"},{"taxonomy":"post_tag","embeddable":true,"href":"https:\/\/archivio.comune.potenza.it\/index.php?rest_route=%2Fwp%2Fv2%2Ftags&post=4889"}],"curies":[{"name":"wp","href":"https:\/\/api.w.org\/{rel}","templated":true}]}}