{"id":4894,"date":"2012-04-06T16:44:11","date_gmt":"2012-04-06T14:44:11","guid":{"rendered":"http:\/\/archivio.comune.potenza.it\/comune_wp\/?p=4894"},"modified":"2012-04-06T16:44:11","modified_gmt":"2012-04-06T14:44:11","slug":"santarsiero-e-martorano-in-visita-allhospice","status":"publish","type":"post","link":"https:\/\/archivio.comune.potenza.it\/?p=4894","title":{"rendered":"Santarsiero e Martorano in visita all&#8217;Hospice"},"content":{"rendered":"<div>\n<p id=\"audioLettura\" style=\"text-align: justify; padding-bottom: 5px; padding-left: 15px; padding-right: 15px; padding-top: 5px;\"><span style=\"font-family: arial,helvetica,sans-serif;\"><span style=\"font-size: small;\"><img loading=\"lazy\" decoding=\"async\" src=\"multimediali\/immagini\/News\/2012\/04\/hospice.jpg\" border=\"0\" width=\"356\" height=\"246\" style=\"margin: 10px; float: left;\" \/>Il sindaco di Potenza Vito Santarsiero, accompagnato dall&#8217;assessore Attilio Martorano, dal dg del dipartimento Sanit\u00e0 della Regione Domenico Tripaldi e dai direttori del San Carlo, Giampiero Maruggi (generale) e Patrizia Chierchini (sanitario) hanno fatto visita all\u2019hospice dell\u2019ospedale San Carlo, la struttura delle cure palliative che accompagna i pazienti e i loro familiari ad affrontare la morte con decoro, con dignit\u00e0.<br \/>\u201cL\u2019hospice \u00e8 punto di eccellenza del San Carlo e di orgoglio per la citt\u00e0 di Potenza \u2013 ha detto il sindaco \u2013 le cure palliative rappresentano ormai un elemento fondamentale nella sanit\u00e0, e qui vengono offerte con il massimo della professionalit\u00e0 e non solo, anche con il massimo dell\u2019umanit\u00e0 e della capacit\u00e0 di essere vicini ai pazienti e ai loro familiari. \u00c8 un reparto che vive esigenze che non sono le stesse degli altri reparti e questo viene sviluppato con il massimo dell\u2019attenzione\u201d.<br \/>Il dottor Marcello Ricciuti, responsabile del reparto, ha illustrato i sei anni di storia, i tanti pazienti presi in carico (milleduecento circa), l&#8217;importanza di un rapporto con il territorio e il sistema di assistenza domiciliare che in area regionale ha notevoli disomogeneit\u00e0: \u201cNelle cure palliative \u2013 ha sottolineato Ricciuti \u2013 le risorse umane sono fondamentali. Noi, come tutto l&#8217;Ospedale soffriamo da sempre una carenza strutturale. Un aiuto importante, invece, ce lo offrono i ragazzi dell&#8217;associazione Amici dell&#8217;Hospice che oltre al volontariato in reparto fanno azione di diffusione e promozione sul territorio\u201d. Il mese prossimo, infatti, \u00e8 in programma un evento importante: un concerto con Roberto Vecchioni, organizzato proprio dagli Amici dell&#8217;Hospice.<\/p>\n<p><\/span><\/span>bas 03<\/p>\n<\/p><\/div>\n","protected":false},"excerpt":{"rendered":"<p>Il sindaco di Potenza Vito Santarsiero, accompagnato dall&#8217;assessore Attilio Martorano, dal dg del dipartimento Sanit\u00e0 della Regione Domenico Tripaldi e dai direttori del San Carlo, &#8230; <\/p>\n","protected":false},"author":1,"featured_media":0,"comment_status":"closed","ping_status":"closed","sticky":false,"template":"single-sidebar.php","format":"standard","meta":{"footnotes":""},"categories":[63],"tags":[],"class_list":["post-4894","post","type-post","status-publish","format-standard","hentry","category-news"],"_links":{"self":[{"href":"https:\/\/archivio.comune.potenza.it\/index.php?rest_route=\/wp\/v2\/posts\/4894"}],"collection":[{"href":"https:\/\/archivio.comune.potenza.it\/index.php?rest_route=\/wp\/v2\/posts"}],"about":[{"href":"https:\/\/archivio.comune.potenza.it\/index.php?rest_route=\/wp\/v2\/types\/post"}],"author":[{"embeddable":true,"href":"https:\/\/archivio.comune.potenza.it\/index.php?rest_route=\/wp\/v2\/users\/1"}],"replies":[{"embeddable":true,"href":"https:\/\/archivio.comune.potenza.it\/index.php?rest_route=%2Fwp%2Fv2%2Fcomments&post=4894"}],"version-history":[{"count":0,"href":"https:\/\/archivio.comune.potenza.it\/index.php?rest_route=\/wp\/v2\/posts\/4894\/revisions"}],"wp:attachment":[{"href":"https:\/\/archivio.comune.potenza.it\/index.php?rest_route=%2Fwp%2Fv2%2Fmedia&parent=4894"}],"wp:term":[{"taxonomy":"category","embeddable":true,"href":"https:\/\/archivio.comune.potenza.it\/index.php?rest_route=%2Fwp%2Fv2%2Fcategories&post=4894"},{"taxonomy":"post_tag","embeddable":true,"href":"https:\/\/archivio.comune.potenza.it\/index.php?rest_route=%2Fwp%2Fv2%2Ftags&post=4894"}],"curies":[{"name":"wp","href":"https:\/\/api.w.org\/{rel}","templated":true}]}}