{"id":4916,"date":"2012-04-11T16:39:23","date_gmt":"2012-04-11T14:39:23","guid":{"rendered":"http:\/\/archivio.comune.potenza.it\/comune_wp\/?p=4916"},"modified":"2012-04-11T16:39:23","modified_gmt":"2012-04-11T14:39:23","slug":"santarsieroreti-citta-strategiche-occasione-per-approfondire-tematiche-sviluppo-urbano","status":"publish","type":"post","link":"https:\/\/archivio.comune.potenza.it\/?p=4916","title":{"rendered":"Santarsiero:Reti Citt\u00e0 Strategiche occasione per approfondire tematiche sviluppo urbano"},"content":{"rendered":"<p style=\"text-align: justify;\"><span style=\"font-size: small;\">Si \u00e8 insediato il nuovo Comitato di Coordinamento di ReCS (Rete citt\u00e0 strategiche) eletto a Cuneo lo scorso due marzo e che riunisce i Sindaci dei comuni di Atri, Barletta, Cuneo, Potenza, Rimini,\u00a0 Sassari, Torino, Venezia, presieduto dal Sindaco di Rimini Andrea Gnassi. Il Comitato di coordinamento ha sottolineato l\u2019importanza della programmazione strategica e delle politiche urbane a livello nazionale ed internazionale ed ha evidenziato la necessit\u00e0 di dare corso agli importanti annunci nazionali ed europei su tali tematiche. In particolar modo si \u00e8 fatto riferimento alla esigenza di una legge urbanistica nazionale capace di garantire la migliore governance e tutela dei territori, superando i gravi limiti di una legge vecchia di 70 anni e all\u2019 importanza dei nuovi indirizzi europei, dalla Carta di Lipsia a quella recente di Copenaghen.<br \/>Approvato il piano di attivit\u00e0 2012\/2013 che prevede il coordinamento da parte di ReCS di un tavolo di lavoro presso il Ministero della Coesione Territoriale per la costruzione di una agenda urbana nazionale, la definizione di una Carta Europea sui piani strategici da proporre e sottoscrivere a Bruxelles in occasione dei prossimi Open Days, uno studio dedicato ai piani strategici di nuova generazione ed alle aree metropolitane, un convegno internazionale sul tema \u201cLa Citt\u00e0 oltre la crisi\u201d.<br \/>Previste anche attivit\u00e0 di ricerca, di cui una dedicata al \u201cMezzogiorno Motore per la crescita del Paese\u201d e di formazione con l\u2019obiettivo di realizzare un Master Executive sulla Programmazione strategica.\u00a0 Previste infine attivit\u00e0 di promozione e diffusione.<br \/>Il Sindaco di Potenza Vito Santarsiero nel corso della riunione ha anche illustrato gli emendamenti che presenter\u00e0 a Bruxelles nella prossima Plenaria del Comitato delle Regioni del 3 e 4 maggio prossimi relativi ai nuovi regolamenti strutturali per il periodo 2014\/2020 finalizzati ad introdurre norme per meglio rafforzare e tutelare le aree\u00a0 urbane. La proposta di Santarsiero sar\u00e0 sottoscritta da tutte le citt\u00e0 appartenenti alla Rete Strategica.<br \/>\u201cSi avvia una esperienza particolarmente significativa ed importante \u2013ha detto il Sindaco di Potenza, Vito Santarsiero- anche per il futuro delle citt\u00e0. Sono esse il luogo dove si risponde alle esigenze di qualit\u00e0 della vita e sviluppo delle comunit\u00e0. Un laboratorio come quello di ReCS rappresenta l\u2019occasione per approfondire le tematiche dello sviluppo urbano. In simbiosi con l\u2019ANCI sar\u00e0 possibile sostenere le migliori e pi\u00f9 avanzate\u00a0 politiche di pianificazione e governo del territorio. Particolarmente significativo anche il sostegno venuto all\u2019azione a favore delle citt\u00e0 che stiamo sviluppando nel Comitato delle Regioni.\u201d<\/span><\/p>\n","protected":false},"excerpt":{"rendered":"<p>Si \u00e8 insediato il nuovo Comitato di Coordinamento di ReCS (Rete citt\u00e0 strategiche) eletto a Cuneo lo scorso due marzo e che riunisce i Sindaci &#8230; <\/p>\n","protected":false},"author":1,"featured_media":0,"comment_status":"closed","ping_status":"closed","sticky":false,"template":"single-sidebar.php","format":"standard","meta":{"footnotes":""},"categories":[63],"tags":[],"class_list":["post-4916","post","type-post","status-publish","format-standard","hentry","category-news"],"_links":{"self":[{"href":"https:\/\/archivio.comune.potenza.it\/index.php?rest_route=\/wp\/v2\/posts\/4916"}],"collection":[{"href":"https:\/\/archivio.comune.potenza.it\/index.php?rest_route=\/wp\/v2\/posts"}],"about":[{"href":"https:\/\/archivio.comune.potenza.it\/index.php?rest_route=\/wp\/v2\/types\/post"}],"author":[{"embeddable":true,"href":"https:\/\/archivio.comune.potenza.it\/index.php?rest_route=\/wp\/v2\/users\/1"}],"replies":[{"embeddable":true,"href":"https:\/\/archivio.comune.potenza.it\/index.php?rest_route=%2Fwp%2Fv2%2Fcomments&post=4916"}],"version-history":[{"count":0,"href":"https:\/\/archivio.comune.potenza.it\/index.php?rest_route=\/wp\/v2\/posts\/4916\/revisions"}],"wp:attachment":[{"href":"https:\/\/archivio.comune.potenza.it\/index.php?rest_route=%2Fwp%2Fv2%2Fmedia&parent=4916"}],"wp:term":[{"taxonomy":"category","embeddable":true,"href":"https:\/\/archivio.comune.potenza.it\/index.php?rest_route=%2Fwp%2Fv2%2Fcategories&post=4916"},{"taxonomy":"post_tag","embeddable":true,"href":"https:\/\/archivio.comune.potenza.it\/index.php?rest_route=%2Fwp%2Fv2%2Ftags&post=4916"}],"curies":[{"name":"wp","href":"https:\/\/api.w.org\/{rel}","templated":true}]}}