{"id":4920,"date":"2012-04-12T10:32:35","date_gmt":"2012-04-12T08:32:35","guid":{"rendered":"http:\/\/archivio.comune.potenza.it\/comune_wp\/?p=4920"},"modified":"2012-04-12T10:32:35","modified_gmt":"2012-04-12T08:32:35","slug":"piedibus-il-sindaco-al-seminario-sul-mobility-management","status":"publish","type":"post","link":"https:\/\/archivio.comune.potenza.it\/?p=4920","title":{"rendered":"Piedibus: il Sindaco al Seminario sul Mobility management"},"content":{"rendered":"<p><img loading=\"lazy\" decoding=\"async\" src=\"multimediali\/immagini\/News\/2012\/04\/piedibus.jpg\" border=\"0\" width=\"229\" height=\"171\" style=\"margin: 10px; float: left;\" \/>Il Piedibus come buona pratica di mobilit\u00e0 sicura e sostenibile, con un occhio di riguardo alla sua applicazione nel panorama delle scuole primarie: questo il tema del seminario che si \u00e8 tenuto nella sala della Protezione civile comunale del Centro direzionale della mobilit\u00e0, in via Nazario Sauro a Potenza. All\u2019incontro presenti dirigenti e tecnici comunali dei settori Mobilit\u00e0, Polizia locale e Istruzione, il sindaco Mario Domenico Gallicchio e alcuni rappresentanti del Comune di Calvello, l\u2019assessore all\u2019Istruzione del Comune di Potenza, Giuseppe Messina, il Sindaco di Potenza, Vito Santarsiero e i professionisti della Sat (Servizi di assistenza tecnica) che hanno introdotto i lavori. E proprio l\u2019ingegner Mariella Parziale (Sat) ha spiegato come \u201cl\u2019obiettivo dell\u2019incontro\u201d sia \u201cla gestione complessiva della mobilit\u00e0, e pi\u00f9 in particolare l\u2019educare alla mobilit\u00e0 sicura e sostenibile, con l\u2019esperimento del \u2018Piedibus\u2019 che auspichiamo possa essere considerato, gi\u00e0 dal prossimo settembre, un\u2019ulteriore possibilit\u00e0 di muoversi in citt\u00e0\u201d. \u201cSi tratta di un\u2019iniziativa importante \u2013 ha detto il Sindaco di Potenza \u2013 che, attraverso l\u2019individuazione di percorsi garantiti e sicuri, si proietta sul grande orizzonte della mobilit\u00e0 cittadina i cui capisaldi restano l\u2019adesione a \u2018Europa 2020\u2019 e i 40 milioni di fondi Pisus. Di questi, oltre ai 20 milioni che saranno impegnati sull\u2019 \u2018asse metropolitano\u2019, tra l\u2019altro per il superamento \u00a0in citt\u00e0, attraverso i sottopassi, dei passaggi a livello, o ancora per il collegamento meccanizzato tra il centro storico e l\u2019Universit\u00e0 di Macchia Romana, 3 milioni saranno impiegati per fornire risposte concrete in tema di abbattimento delle barriere architettoniche e di informatizzazione di tutto quanto concerne la mobilit\u00e0 cittadina. Una iniziativa del genere non pu\u00f2 prescindere dall\u2019apporto del mondo della scuola sia per quel che riguarda l\u2019educazione alla mobilit\u00e0 sostenibile, sia per stimolare alla fruizione dei mezzi pubblici\u201d. Il Sindaco di Calvello, Comune nel quale il progetto \u2018Strade sicure\u2019 \u00e8 cominciato lo scorso autunno ha evidenziato che \u201cpur essendo una comunit\u00e0 di circa 2.000 persone, possiamo contare su una popolazione di scolari pari al 10% del totale, alunni delle scuole primarie che hanno apprezzato molto l\u2019iniziativa, cos\u00ec come per la raccolta differenziata, nella quale i nostri figli sono certamente pi\u00f9 sensibili e pi\u00f9 bravi di noi\u201d. E sull\u2019importanza dell\u2019educazione scolastica anche nell\u2019ambito della mobilit\u00e0 \u00e8 intervenuto anche l\u2019assessore Messina che, nel ringraziare Legambiente, la direttrice didattica del IV Circolo Anna Maria Basso e don Giovanni Caggianese, presenti ai lavori, ha spiegato che \u201cla scuola \u00e8 un\u2019agenzia educativa che, anche per quel che attiene alla mobilit\u00e0, pu\u00f2 fare molto e formare quelli che saranno gli \u2018utenti\u2019 della strada di domani, speriamo pi\u00f9 pedoni che automobilisti\u201d.<\/p>\n","protected":false},"excerpt":{"rendered":"<p>Il Piedibus come buona pratica di mobilit\u00e0 sicura e sostenibile, con un occhio di riguardo alla sua applicazione nel panorama delle scuole primarie: questo il &#8230; <\/p>\n","protected":false},"author":1,"featured_media":0,"comment_status":"closed","ping_status":"closed","sticky":false,"template":"single-sidebar.php","format":"standard","meta":{"footnotes":""},"categories":[63],"tags":[],"class_list":["post-4920","post","type-post","status-publish","format-standard","hentry","category-news"],"_links":{"self":[{"href":"https:\/\/archivio.comune.potenza.it\/index.php?rest_route=\/wp\/v2\/posts\/4920"}],"collection":[{"href":"https:\/\/archivio.comune.potenza.it\/index.php?rest_route=\/wp\/v2\/posts"}],"about":[{"href":"https:\/\/archivio.comune.potenza.it\/index.php?rest_route=\/wp\/v2\/types\/post"}],"author":[{"embeddable":true,"href":"https:\/\/archivio.comune.potenza.it\/index.php?rest_route=\/wp\/v2\/users\/1"}],"replies":[{"embeddable":true,"href":"https:\/\/archivio.comune.potenza.it\/index.php?rest_route=%2Fwp%2Fv2%2Fcomments&post=4920"}],"version-history":[{"count":0,"href":"https:\/\/archivio.comune.potenza.it\/index.php?rest_route=\/wp\/v2\/posts\/4920\/revisions"}],"wp:attachment":[{"href":"https:\/\/archivio.comune.potenza.it\/index.php?rest_route=%2Fwp%2Fv2%2Fmedia&parent=4920"}],"wp:term":[{"taxonomy":"category","embeddable":true,"href":"https:\/\/archivio.comune.potenza.it\/index.php?rest_route=%2Fwp%2Fv2%2Fcategories&post=4920"},{"taxonomy":"post_tag","embeddable":true,"href":"https:\/\/archivio.comune.potenza.it\/index.php?rest_route=%2Fwp%2Fv2%2Ftags&post=4920"}],"curies":[{"name":"wp","href":"https:\/\/api.w.org\/{rel}","templated":true}]}}