{"id":4934,"date":"2012-04-13T10:01:33","date_gmt":"2012-04-13T08:01:33","guid":{"rendered":"http:\/\/archivio.comune.potenza.it\/comune_wp\/?p=4934"},"modified":"2012-04-13T10:01:33","modified_gmt":"2012-04-13T08:01:33","slug":"il-sud-i-sud17-aprile-ore-18-presentazione-rapporto-societa-geografica-italiana","status":"publish","type":"post","link":"https:\/\/archivio.comune.potenza.it\/?p=4934","title":{"rendered":"Presentato a Potenza il Rapporto Il Sud I Sud"},"content":{"rendered":"<p style=\"text-align: justify;\"><span style=\"font-size: small;\"><img decoding=\"async\" src=\"multimediali\/immagini\/News\/2012\/01\/sud.jpg\" border=\"0\" style=\"float: left; margin: 10px;\" \/>Presentato a Potenza \u00a0nella Sala dell\u2019Arco di Palazzo di Citt\u00e0, dopo essere stato illustrato\u00a0 a Roma presso la Biblioteca del Senato della Repubblica, il Rapporto 2011 della Societ\u00e0 Geografica Italiana\u00a0 <strong>Il Sud I Sud<\/strong>.\u00a0 A discuterne, coordinati da Paride Leporace Responsabile del Quotidiano di Basilicata, il Sindaco di Potenza, Vito Santarsiero, il Presidente della Societ\u00e0 Geografica Italiana Franco Salvatori, Gianfranco Viesti, Presidente\u00a0 Fiera del Levante,D&#8217;Aponte della Universit\u00e0 Federico II, Rosario Sommella della Universit\u00e0 di Napoli L&#8217;Orientale. Il Rapporto Il Sud I Sud rientra nell\u2019attivit\u00e0 di studio della Societ\u00e0 Geografica Italiana che dopo aver affrontato varie problematiche di respiro nazionale ed un rapporto dedicato lo scorso anno al Nord, quest\u2019anno ha concentrato la propria attenzione su questo studio dedicato al Mezzogiorno d\u2019Italia.<br \/>&#8220;Abbiamo analizzato -ha detto Salvatori- \u00a0l&#8217;industria, il collasso e la colonizzazione del sistema bancario, le trasformazioni del paesaggio agrario e della societ\u00e0 rurale, l&#8217;espansione urbana, la transizione demografica, l&#8217;opzione turistica. Significativa attenzione -ha aggiunto- abbiamo dato al pi\u00f9 grave e doloroso divario che il Mezzogiorno misura:i livelli occupazionali.&#8221; Di crisi ancora lunga \u00a0e modello occupazionale da riscrivere ha parlato il Prof. Viesti mentre il Prof. D&#8217;Aponte ha invitato \u00a0a vedere per la Basilicata il bicchiere mezzo pieno. Per Sommella invece siamo di fronte ad una crisi che ci porter\u00e0 ad una marginalizzazione ancora pi\u00f9 forte. <\/span><span style=\"font-size: small;\">\u201cUn rapporto importante \u2013ha detto Santarsiero- che integra quello storico dello SVIMEZ e conferma lo stato di grave malessere sociale, economico e politico del Mezzogiorno.Si confermano le criticit\u00e0 con numeri impressionanti: malavita, aree urbane, sistema bancario, infrastrutture, sistema produttivo, turismo, agricoltura, ricerca.Le molteplici analisi proposte confermano i gravi vincoli strutturali e la necessit\u00e0 di intervenire sulla dimensione geopolitica e geoeconomica del problema. Una nuova stagione del meridionalismo non pu\u00f2 che essere collocata nella pi\u00f9 ampia questione mediterranea e non potr\u00e0 guardare al futuro se non attraverso il protagonismo diretto dei meridionali e della loro capacit\u00e0 di intendere l\u2019autonomia come una sfida da porsi \u00a0su scenari molto ampi. Nello studio emerge il ruolo centrale dello sviluppo locale ed in particolare delle aree urbane che sino ad oggi nel Mezzogiorno non sono riuscite ad essere riferimento per la crescita dei territori.Occorre superare una vecchia idea del Meridione e fare una ricognizione delle differenze nel Sud, tra i vari Sud per promuovere dal territorio un modello endogeno di sviluppo che l\u2019intervento straordinario non ha saputo dare.Occorre partire dallo sviluppo locale, dal protagonismo diretto dei territori avendo nel contempo piena consapevolezza delle esigenze del Mezzogiorno e del suo stato di marginalit\u00e0.Occorre una classe dirigente in grado di vincere le nuove sfide e di andare pi\u00f9 in l\u00e0 nel tempo e nello spazio affrontando in maniera decisa la questione infrastrutturale del Sud. Occorre recuperare l\u2019attualit\u00e0 di Don Sturzo che guard\u00f2 al bacino del mediterraneo come ambito naturale di una politica economica meridionalista. Solo attraverso una grande svolta \u2013ha concluso Santarsiero- possono avere una prospettiva anche le esperienze virtuose del Sud che altrimenti resterebbero schiacciate da un contesto non favorevole.\u201d<\/span><\/p>\n","protected":false},"excerpt":{"rendered":"<p>Presentato a Potenza \u00a0nella Sala dell\u2019Arco di Palazzo di Citt\u00e0, dopo essere stato illustrato\u00a0 a Roma presso la Biblioteca del Senato della Repubblica, il Rapporto &#8230; <\/p>\n","protected":false},"author":1,"featured_media":0,"comment_status":"closed","ping_status":"closed","sticky":false,"template":"single-sidebar.php","format":"standard","meta":{"footnotes":""},"categories":[63],"tags":[],"class_list":["post-4934","post","type-post","status-publish","format-standard","hentry","category-news"],"_links":{"self":[{"href":"https:\/\/archivio.comune.potenza.it\/index.php?rest_route=\/wp\/v2\/posts\/4934"}],"collection":[{"href":"https:\/\/archivio.comune.potenza.it\/index.php?rest_route=\/wp\/v2\/posts"}],"about":[{"href":"https:\/\/archivio.comune.potenza.it\/index.php?rest_route=\/wp\/v2\/types\/post"}],"author":[{"embeddable":true,"href":"https:\/\/archivio.comune.potenza.it\/index.php?rest_route=\/wp\/v2\/users\/1"}],"replies":[{"embeddable":true,"href":"https:\/\/archivio.comune.potenza.it\/index.php?rest_route=%2Fwp%2Fv2%2Fcomments&post=4934"}],"version-history":[{"count":0,"href":"https:\/\/archivio.comune.potenza.it\/index.php?rest_route=\/wp\/v2\/posts\/4934\/revisions"}],"wp:attachment":[{"href":"https:\/\/archivio.comune.potenza.it\/index.php?rest_route=%2Fwp%2Fv2%2Fmedia&parent=4934"}],"wp:term":[{"taxonomy":"category","embeddable":true,"href":"https:\/\/archivio.comune.potenza.it\/index.php?rest_route=%2Fwp%2Fv2%2Fcategories&post=4934"},{"taxonomy":"post_tag","embeddable":true,"href":"https:\/\/archivio.comune.potenza.it\/index.php?rest_route=%2Fwp%2Fv2%2Ftags&post=4934"}],"curies":[{"name":"wp","href":"https:\/\/api.w.org\/{rel}","templated":true}]}}